{"id":3858,"count":1,"description":"","link":"https:\/\/www.albinfo.at\/fr\/tag\/musake-me-veze-te-ziera\/","name":"Musak\u00eb me vez\u00eb t\u00eb ziera","slug":"musake-me-veze-te-ziera","taxonomy":"post_tag","meta":[],"_links":{"self":[{"href":"https:\/\/www.albinfo.at\/fr\/wp-json\/wp\/v2\/tags\/3858","targetHints":{"allow":["GET"]}}],"collection":[{"href":"https:\/\/www.albinfo.at\/fr\/wp-json\/wp\/v2\/tags"}],"about":[{"href":"https:\/\/www.albinfo.at\/fr\/wp-json\/wp\/v2\/taxonomies\/post_tag"}],"wp:post_type":[{"href":"https:\/\/www.albinfo.at\/fr\/wp-json\/wp\/v2\/posts?tags=3858"}],"curies":[{"name":"wp","href":"https:\/\/api.w.org\/{rel}","templated":true}]}}