{"id":920093,"date":"2026-05-01T15:21:11","date_gmt":"2026-05-01T13:21:11","guid":{"rendered":"https:\/\/www.albinfo.ch\/ffk-prezanton-fanellat-e-reja-te-kosoves-te-prodhuara-nga-adidas\/"},"modified":"2026-05-01T23:52:26","modified_gmt":"2026-05-01T21:52:26","slug":"ffk-prezanton-fanellat-e-reja-te-kosoves-te-prodhuara-nga-adidas","status":"publish","type":"post","link":"https:\/\/www.albinfo.at\/fr\/ffk-prezanton-fanellat-e-reja-te-kosoves-te-prodhuara-nga-adidas\/","title":{"rendered":"La FFK pr\u00e9sente les nouveaux maillots du Kosovo, produits par Adidas"},"content":{"rendered":"<p data-start=\"0\" data-end=\"281\">La F\u00e9d\u00e9ration de football du Kosovo FFK a pr\u00e9sent\u00e9 officiellement les nouveaux maillots de l\u2019\u00e9quipe nationale du Kosovo, produits par la c\u00e9l\u00e8bre entreprise sportive Adidas et qui seront utilis\u00e9s dans le nouveau cycle des comp\u00e9titions europ\u00e9ennes, rapporte albinfo.ch.<\/p>\n<p data-start=\"283\" data-end=\"554\">Selon le communiqu\u00e9 de la FFK, les nouveaux maillots pr\u00e9sentent un design personnalis\u00e9 qui refl\u00e8te l\u2019identit\u00e9 et la symbolique de la s\u00e9lection du Kosovo, dans le cadre de la coop\u00e9ration avec l\u2019UEFA et du programme d\u2019\u00e9quipements sportifs pour les f\u00e9d\u00e9rations nationales.<\/p>\n<p><img loading=\"lazy\" decoding=\"async\" class=\"alignnone wp-image-919937\" src=\"https:\/\/www.albinfo.ch\/wp-content\/uploads\/2026\/05\/img_9205-1024x795.jpeg\" alt=\"\" width=\"500\" height=\"388\" srcset=\"https:\/\/www.albinfo.at\/wp-content\/uploads\/2026\/05\/img_9205-1024x795.jpeg 1024w, https:\/\/www.albinfo.at\/wp-content\/uploads\/2026\/05\/img_9205-300x233.jpeg 300w, https:\/\/www.albinfo.at\/wp-content\/uploads\/2026\/05\/img_9205-768x597.jpeg 768w, https:\/\/www.albinfo.at\/wp-content\/uploads\/2026\/05\/img_9205-510x396.jpeg 510w, https:\/\/www.albinfo.at\/wp-content\/uploads\/2026\/05\/img_9205-129x100.jpeg 129w, https:\/\/www.albinfo.at\/wp-content\/uploads\/2026\/05\/img_9205-225x175.jpeg 225w, https:\/\/www.albinfo.at\/wp-content\/uploads\/2026\/05\/img_9205.jpeg 1080w\" sizes=\"auto, (max-width: 500px) 100vw, 500px\" \/> <img loading=\"lazy\" decoding=\"async\" class=\"alignnone wp-image-919940\" src=\"https:\/\/www.albinfo.ch\/wp-content\/uploads\/2026\/05\/img_9206-1024x796.jpeg\" alt=\"\" width=\"500\" height=\"389\" srcset=\"https:\/\/www.albinfo.at\/wp-content\/uploads\/2026\/05\/img_9206-1024x796.jpeg 1024w, https:\/\/www.albinfo.at\/wp-content\/uploads\/2026\/05\/img_9206-300x233.jpeg 300w, https:\/\/www.albinfo.at\/wp-content\/uploads\/2026\/05\/img_9206-768x597.jpeg 768w, https:\/\/www.albinfo.at\/wp-content\/uploads\/2026\/05\/img_9206-510x396.jpeg 510w, https:\/\/www.albinfo.at\/wp-content\/uploads\/2026\/05\/img_9206-129x100.jpeg 129w, https:\/\/www.albinfo.at\/wp-content\/uploads\/2026\/05\/img_9206-225x175.jpeg 225w, https:\/\/www.albinfo.at\/wp-content\/uploads\/2026\/05\/img_9206.jpeg 1440w\" sizes=\"auto, (max-width: 500px) 100vw, 500px\" \/><\/p>\n<p>La FFK a fait savoir que ces maillots devraient \u00eatre utilis\u00e9s durant les deux prochaines saisons, avec pour objectif d\u2019\u00e9lever les standards de pr\u00e9sentation de l\u2019\u00e9quipe nationale et de repr\u00e9senter le Kosovo de la mani\u00e8re la plus digne possible sur la sc\u00e8ne internationale, rapporte albinfo.ch.<\/p>\n","protected":false},"excerpt":{"rendered":"<p>Les nouveaux maillots devraient \u00eatre utilis\u00e9s pour les deux prochaines saisons<\/p>\n","protected":false},"author":31,"featured_media":919934,"comment_status":"closed","ping_status":"closed","sticky":false,"template":"","format":"standard","meta":{"footnotes":""},"categories":[3949,24630,24671,1159,1169],"tags":[],"vendi":[],"content_country":[31838,31840],"class_list":["post-920093","post","type-post","status-publish","format-standard","has-post-thumbnail","hentry","category-kosova-fr","category-nouvelles","category-football","category-ch-balkans","category-sport-fr","content_country-germany-fr","content_country-zvicer-fr"],"acf":[],"_links":{"self":[{"href":"https:\/\/www.albinfo.at\/fr\/wp-json\/wp\/v2\/posts\/920093","targetHints":{"allow":["GET"]}}],"collection":[{"href":"https:\/\/www.albinfo.at\/fr\/wp-json\/wp\/v2\/posts"}],"about":[{"href":"https:\/\/www.albinfo.at\/fr\/wp-json\/wp\/v2\/types\/post"}],"author":[{"embeddable":true,"href":"https:\/\/www.albinfo.at\/fr\/wp-json\/wp\/v2\/users\/31"}],"replies":[{"embeddable":true,"href":"https:\/\/www.albinfo.at\/fr\/wp-json\/wp\/v2\/comments?post=920093"}],"version-history":[{"count":2,"href":"https:\/\/www.albinfo.at\/fr\/wp-json\/wp\/v2\/posts\/920093\/revisions"}],"predecessor-version":[{"id":920095,"href":"https:\/\/www.albinfo.at\/fr\/wp-json\/wp\/v2\/posts\/920093\/revisions\/920095"}],"wp:featuredmedia":[{"embeddable":true,"href":"https:\/\/www.albinfo.at\/fr\/wp-json\/wp\/v2\/media\/919934"}],"wp:attachment":[{"href":"https:\/\/www.albinfo.at\/fr\/wp-json\/wp\/v2\/media?parent=920093"}],"wp:term":[{"taxonomy":"category","embeddable":true,"href":"https:\/\/www.albinfo.at\/fr\/wp-json\/wp\/v2\/categories?post=920093"},{"taxonomy":"post_tag","embeddable":true,"href":"https:\/\/www.albinfo.at\/fr\/wp-json\/wp\/v2\/tags?post=920093"},{"taxonomy":"vendi","embeddable":true,"href":"https:\/\/www.albinfo.at\/fr\/wp-json\/wp\/v2\/vendi?post=920093"},{"taxonomy":"content_country","embeddable":true,"href":"https:\/\/www.albinfo.at\/fr\/wp-json\/wp\/v2\/content_country?post=920093"}],"curies":[{"name":"wp","href":"https:\/\/api.w.org\/{rel}","templated":true}]}}