{"id":919912,"date":"2026-05-01T10:10:56","date_gmt":"2026-05-01T08:10:56","guid":{"rendered":"https:\/\/www.albinfo.ch\/shaqiri-starton-sot-ndaj-thunit-pas-lendimit\/"},"modified":"2026-05-01T14:20:15","modified_gmt":"2026-05-01T12:20:15","slug":"shaqiri-starton-sot-ndaj-thunit-pas-lendimit","status":"publish","type":"post","link":"https:\/\/www.albinfo.at\/fr\/shaqiri-starton-sot-ndaj-thunit-pas-lendimit\/","title":{"rendered":"Shaqiri d\u00e9bute aujourd\u2019hui contre Thoune apr\u00e8s sa blessure"},"content":{"rendered":"<p data-start=\"0\" data-end=\"182\">On pensait que la saison \u00e9tait termin\u00e9e pour Xherdan Shaqiri apr\u00e8s une blessure musculaire, mais son retour pourrait intervenir plus t\u00f4t que pr\u00e9vu, rapporte albinfo.ch.<\/p>\n<p data-start=\"184\" data-end=\"329\">Selon le m\u00e9dia suisse &#8220;4-4-2&#8221;, le joueur de 34 ans pourrait appara\u00eetre lors du match de samedi contre Thoune, qui se joue au stade St Jakob Park.<\/p>\n<p data-start=\"331\" data-end=\"510\">Lors de la conf\u00e9rence de presse d\u2019avant match, Shaqiri a \u00e9t\u00e9 d\u00e9crit comme &#8220;incertain&#8221; et non &#8220;absent&#8221;, ce qui laisse ouverte la possibilit\u00e9 qu\u2019il fasse partie de l\u2019\u00e9quipe de B\u00e2le.<\/p>\n<p data-start=\"512\" data-end=\"722\">Le FC B\u00e2le a besoin du retour de son leader, surtout apr\u00e8s la mauvaise performance lors de la d\u00e9faite contre Sion. La d\u00e9cision finale est attendue samedi soir, lorsque l\u2019on saura si Shaqiri sera sur le terrain.<\/p>\n<p data-start=\"724\" data-end=\"841\">Pendant ce temps, Thoune a la possibilit\u00e9 d\u2019assurer le titre de champion avec une victoire contre le tenant du titre.<\/p>\n<p data-start=\"843\" data-end=\"949\">Dans l\u2019\u00e9quipe de Thoune \u00e9voluent \u00e9galement deux footballeurs kosovars, Valmir Matoshi et Kastriot Imeri.\/Albinfo.ch<\/p>\n","protected":false},"excerpt":{"rendered":"<p>Shaqiri pourrait faire son retour contre Thoune, m\u00eame si l\u2019on pensait qu\u2019il avait termin\u00e9 la saison<\/p>\n","protected":false},"author":31,"featured_media":823936,"comment_status":"closed","ping_status":"closed","sticky":false,"template":"","format":"standard","meta":{"footnotes":""},"categories":[23271,23270,24630,24671,1169],"tags":[],"vendi":[],"content_country":[31835,31838,31840],"class_list":["post-919912","post","type-post","status-publish","format-standard","has-post-thumbnail","hentry","category-kosovo","category-at-balkani-fr","category-nouvelles","category-football","category-sport-fr","content_country-austria-fr","content_country-germany-fr","content_country-zvicer-fr"],"acf":[],"_links":{"self":[{"href":"https:\/\/www.albinfo.at\/fr\/wp-json\/wp\/v2\/posts\/919912","targetHints":{"allow":["GET"]}}],"collection":[{"href":"https:\/\/www.albinfo.at\/fr\/wp-json\/wp\/v2\/posts"}],"about":[{"href":"https:\/\/www.albinfo.at\/fr\/wp-json\/wp\/v2\/types\/post"}],"author":[{"embeddable":true,"href":"https:\/\/www.albinfo.at\/fr\/wp-json\/wp\/v2\/users\/31"}],"replies":[{"embeddable":true,"href":"https:\/\/www.albinfo.at\/fr\/wp-json\/wp\/v2\/comments?post=919912"}],"version-history":[{"count":2,"href":"https:\/\/www.albinfo.at\/fr\/wp-json\/wp\/v2\/posts\/919912\/revisions"}],"predecessor-version":[{"id":919916,"href":"https:\/\/www.albinfo.at\/fr\/wp-json\/wp\/v2\/posts\/919912\/revisions\/919916"}],"wp:featuredmedia":[{"embeddable":true,"href":"https:\/\/www.albinfo.at\/fr\/wp-json\/wp\/v2\/media\/823936"}],"wp:attachment":[{"href":"https:\/\/www.albinfo.at\/fr\/wp-json\/wp\/v2\/media?parent=919912"}],"wp:term":[{"taxonomy":"category","embeddable":true,"href":"https:\/\/www.albinfo.at\/fr\/wp-json\/wp\/v2\/categories?post=919912"},{"taxonomy":"post_tag","embeddable":true,"href":"https:\/\/www.albinfo.at\/fr\/wp-json\/wp\/v2\/tags?post=919912"},{"taxonomy":"vendi","embeddable":true,"href":"https:\/\/www.albinfo.at\/fr\/wp-json\/wp\/v2\/vendi?post=919912"},{"taxonomy":"content_country","embeddable":true,"href":"https:\/\/www.albinfo.at\/fr\/wp-json\/wp\/v2\/content_country?post=919912"}],"curies":[{"name":"wp","href":"https:\/\/api.w.org\/{rel}","templated":true}]}}