{"id":919866,"date":"2026-05-01T10:15:44","date_gmt":"2026-05-01T08:15:44","guid":{"rendered":"https:\/\/www.albinfo.ch\/fjolla-zhubi-mbron-doktoraturen-ne-semmelweis-university-ne-budapest\/"},"modified":"2026-05-01T10:36:58","modified_gmt":"2026-05-01T08:36:58","slug":"fjolla-zhubi-mbron-doktoraturen-ne-semmelweis-university-ne-budapest","status":"publish","type":"post","link":"https:\/\/www.albinfo.at\/fr\/fjolla-zhubi-mbron-doktoraturen-ne-semmelweis-university-ne-budapest\/","title":{"rendered":"Fjolla Zhubi soutient sa th\u00e8se de doctorat \u00e0 l\u2019Universit\u00e9 Semmelweis \u00e0 Budapest"},"content":{"rendered":"<p class=\"p1\">Une r\u00e9ussite importante dans le domaine des sciences m\u00e9dicales vient de la Dr Fjolla Zhubi, qui a soutenu avec succ\u00e8s sa th\u00e8se de doctorat PhD \u00e0 la prestigieuse Universit\u00e9 Semmelweis \u00e0 Budapest, rapporte albinfo.ch<\/p>\n<p>&nbsp;<\/p>\n<p><img loading=\"lazy\" decoding=\"async\" class=\"alignnone wp-image-919824\" src=\"https:\/\/www.albinfo.ch\/wp-content\/uploads\/2026\/05\/img_9187-683x1024.jpeg\" alt=\"\" width=\"500\" height=\"749\" srcset=\"https:\/\/www.albinfo.at\/wp-content\/uploads\/2026\/05\/img_9187-683x1024.jpeg 683w, https:\/\/www.albinfo.at\/wp-content\/uploads\/2026\/05\/img_9187-200x300.jpeg 200w, https:\/\/www.albinfo.at\/wp-content\/uploads\/2026\/05\/img_9187-768x1151.jpeg 768w, https:\/\/www.albinfo.at\/wp-content\/uploads\/2026\/05\/img_9187-264x396.jpeg 264w, https:\/\/www.albinfo.at\/wp-content\/uploads\/2026\/05\/img_9187-67x100.jpeg 67w, https:\/\/www.albinfo.at\/wp-content\/uploads\/2026\/05\/img_9187-117x175.jpeg 117w, https:\/\/www.albinfo.at\/wp-content\/uploads\/2026\/05\/img_9187.jpeg 854w\" sizes=\"auto, (max-width: 500px) 100vw, 500px\" \/><\/p>\n<p>&nbsp;<\/p>\n<p data-start=\"0\" data-end=\"350\">La soutenance publique de la th\u00e8se de doctorat est consid\u00e9r\u00e9e comme l\u2019un des plus grands succ\u00e8s de son parcours professionnel, aux c\u00f4t\u00e9s de sa sp\u00e9cialisation en m\u00e9decine interne et en cardiologie. Ce processus acad\u00e9mique, qui a d\u00e9but\u00e9 en 2020, a \u00e9t\u00e9 marqu\u00e9 par un engagement \u00e9lev\u00e9, un travail de recherche intensif et de nombreux d\u00e9fis.<\/p>\n<p data-start=\"352\" data-end=\"557\">Dr Zhubi a soulign\u00e9 l\u2019importance de ses mentors, Attila Kov\u00e1cs et Alexandra F\u00e1bi\u00e1n, qu\u2019elle a remerci\u00e9s pour leur soutien professionnel et leur accompagnement constant tout au long du processus doctoral.<\/p>\n<p>&nbsp;<\/p>\n<p><img loading=\"lazy\" decoding=\"async\" class=\"alignnone wp-image-919827\" src=\"https:\/\/www.albinfo.ch\/wp-content\/uploads\/2026\/05\/img_9184-1024x620.jpeg\" alt=\"\" width=\"500\" height=\"303\" srcset=\"https:\/\/www.albinfo.at\/wp-content\/uploads\/2026\/05\/img_9184-1024x620.jpeg 1024w, https:\/\/www.albinfo.at\/wp-content\/uploads\/2026\/05\/img_9184-300x182.jpeg 300w, https:\/\/www.albinfo.at\/wp-content\/uploads\/2026\/05\/img_9184-768x465.jpeg 768w, https:\/\/www.albinfo.at\/wp-content\/uploads\/2026\/05\/img_9184-587x355.jpeg 587w, https:\/\/www.albinfo.at\/wp-content\/uploads\/2026\/05\/img_9184-165x100.jpeg 165w, https:\/\/www.albinfo.at\/wp-content\/uploads\/2026\/05\/img_9184-265x160.jpeg 265w, https:\/\/www.albinfo.at\/wp-content\/uploads\/2026\/05\/img_9184.jpeg 1440w\" sizes=\"auto, (max-width: 500px) 100vw, 500px\" \/><\/p>\n<p>&nbsp;<\/p>\n<p data-start=\"0\" data-end=\"250\">Elle a \u00e9galement exprim\u00e9 sa gratitude envers l\u2019institution o\u00f9 elle a effectu\u00e9 ses \u00e9tudes, en qualifiant l\u2019Universit\u00e9 Semmelweis comme un \u00e9tablissement aux standards acad\u00e9miques \u00e9lev\u00e9s et offrant de grandes opportunit\u00e9s de d\u00e9veloppement.<\/p>\n<p data-start=\"252\" data-end=\"358\">Par ailleurs, Dr Zhubi a remerci\u00e9 sa famille pour son soutien et sa confiance tout au long de ce parcours.<\/p>\n<p data-start=\"360\" data-end=\"521\">\u00c0 noter que Dr Fjolla Zhubi est issue d\u2019une famille connue \u00e0 Mitrovica, \u00e9tant la fille de la m\u00e9decin Luljeta Zhubi et du professeur et entra\u00eeneur Nexhat Zhubi.\/Albinfo.ch<\/p>\n<p>&nbsp;<\/p>\n<p><img loading=\"lazy\" decoding=\"async\" class=\"alignnone wp-image-919830\" src=\"https:\/\/www.albinfo.ch\/wp-content\/uploads\/2026\/05\/img_9188-759x1024.jpeg\" alt=\"\" width=\"500\" height=\"675\" srcset=\"https:\/\/www.albinfo.at\/wp-content\/uploads\/2026\/05\/img_9188-759x1024.jpeg 759w, https:\/\/www.albinfo.at\/wp-content\/uploads\/2026\/05\/img_9188-222x300.jpeg 222w, https:\/\/www.albinfo.at\/wp-content\/uploads\/2026\/05\/img_9188-768x1036.jpeg 768w, https:\/\/www.albinfo.at\/wp-content\/uploads\/2026\/05\/img_9188-1139x1536.jpeg 1139w, https:\/\/www.albinfo.at\/wp-content\/uploads\/2026\/05\/img_9188-294x396.jpeg 294w, https:\/\/www.albinfo.at\/wp-content\/uploads\/2026\/05\/img_9188-74x100.jpeg 74w, https:\/\/www.albinfo.at\/wp-content\/uploads\/2026\/05\/img_9188-130x175.jpeg 130w, https:\/\/www.albinfo.at\/wp-content\/uploads\/2026\/05\/img_9188.jpeg 1186w\" sizes=\"auto, (max-width: 500px) 100vw, 500px\" \/><\/p>\n","protected":false},"excerpt":{"rendered":"<p>La sp\u00e9cialiste en m\u00e9decine interne et en cardiologie qualifie ce succ\u00e8s comme un moment culminant de sa carri\u00e8re professionnelle<\/p>\n","protected":false},"author":31,"featured_media":919822,"comment_status":"closed","ping_status":"closed","sticky":false,"template":"","format":"standard","meta":{"footnotes":""},"categories":[24637,1164,1165,3949,24630,1159,1163],"tags":[],"vendi":[],"content_country":[31835,31838,31840],"class_list":["post-919866","post","type-post","status-publish","format-standard","has-post-thumbnail","hentry","category-nouvelles-fr-4","category-integration-fr","category-femmes","category-kosova-fr","category-nouvelles","category-ch-balkans","category-fr-e-diaspora","content_country-austria-fr","content_country-germany-fr","content_country-zvicer-fr"],"acf":[],"_links":{"self":[{"href":"https:\/\/www.albinfo.at\/fr\/wp-json\/wp\/v2\/posts\/919866","targetHints":{"allow":["GET"]}}],"collection":[{"href":"https:\/\/www.albinfo.at\/fr\/wp-json\/wp\/v2\/posts"}],"about":[{"href":"https:\/\/www.albinfo.at\/fr\/wp-json\/wp\/v2\/types\/post"}],"author":[{"embeddable":true,"href":"https:\/\/www.albinfo.at\/fr\/wp-json\/wp\/v2\/users\/31"}],"replies":[{"embeddable":true,"href":"https:\/\/www.albinfo.at\/fr\/wp-json\/wp\/v2\/comments?post=919866"}],"version-history":[{"count":2,"href":"https:\/\/www.albinfo.at\/fr\/wp-json\/wp\/v2\/posts\/919866\/revisions"}],"predecessor-version":[{"id":919868,"href":"https:\/\/www.albinfo.at\/fr\/wp-json\/wp\/v2\/posts\/919866\/revisions\/919868"}],"wp:featuredmedia":[{"embeddable":true,"href":"https:\/\/www.albinfo.at\/fr\/wp-json\/wp\/v2\/media\/919822"}],"wp:attachment":[{"href":"https:\/\/www.albinfo.at\/fr\/wp-json\/wp\/v2\/media?parent=919866"}],"wp:term":[{"taxonomy":"category","embeddable":true,"href":"https:\/\/www.albinfo.at\/fr\/wp-json\/wp\/v2\/categories?post=919866"},{"taxonomy":"post_tag","embeddable":true,"href":"https:\/\/www.albinfo.at\/fr\/wp-json\/wp\/v2\/tags?post=919866"},{"taxonomy":"vendi","embeddable":true,"href":"https:\/\/www.albinfo.at\/fr\/wp-json\/wp\/v2\/vendi?post=919866"},{"taxonomy":"content_country","embeddable":true,"href":"https:\/\/www.albinfo.at\/fr\/wp-json\/wp\/v2\/content_country?post=919866"}],"curies":[{"name":"wp","href":"https:\/\/api.w.org\/{rel}","templated":true}]}}