{"id":919857,"date":"2026-05-01T09:15:35","date_gmt":"2026-05-01T07:15:35","guid":{"rendered":"https:\/\/www.albinfo.ch\/balfin-real-estate-pjese-e-kosova-finance-forum-cfare-po-ndryshon-realisht-ne-tregun-e-pronave-ne-rajon\/"},"modified":"2026-05-01T10:26:30","modified_gmt":"2026-05-01T08:26:30","slug":"balfin-real-estate-pjese-e-kosova-finance-forum-cfare-po-ndryshon-realisht-ne-tregun-e-pronave-ne-rajon","status":"publish","type":"post","link":"https:\/\/www.albinfo.at\/fr\/balfin-real-estate-pjese-e-kosova-finance-forum-cfare-po-ndryshon-realisht-ne-tregun-e-pronave-ne-rajon\/","title":{"rendered":"Balfin Real Estate participe au Kosova Finance Forum, qu\u2019est ce qui change r\u00e9ellement sur le march\u00e9 immobilier dans la r\u00e9gion"},"content":{"rendered":"<p data-start=\"0\" data-end=\"463\">Balfin Real Estate a particip\u00e9 \u00e0 la deuxi\u00e8me \u00e9dition du Kosova Finance Forum, une plateforme r\u00e9gionale importante pour discuter des d\u00e9veloppements \u00e9conomiques et des tendances en mati\u00e8re d\u2019investissement. Le forum a r\u00e9uni des repr\u00e9sentants de haut niveau du secteur public, priv\u00e9 ainsi que des institutions financi\u00e8res de la r\u00e9gion et de l\u2019Europe, devenant un espace cl\u00e9 pour aborder les \u00e9volutions \u00e9conomiques et les investissements dans la r\u00e9gion.<\/p>\n<p data-start=\"465\" data-end=\"1016\">Dans le cadre du panel &#8220;Real Estate Investment Trends in the Western Balkans&#8221;, la CEO de Balfin Real Estate, Ledia Telhai, a soulign\u00e9 que l\u2019\u00e9volution du secteur immobilier refl\u00e8te la stabilit\u00e9 \u00e9conomique et la capacit\u00e9 des pays \u00e0 attirer des investissements \u00e0 long terme. Elle a pr\u00e9cis\u00e9 que, selon des \u00e9tudes de PwC, CBRE, Colliers et Knight Frank, le march\u00e9 mondial entre dans une phase plus positive, mais les investisseurs se montrent plus s\u00e9lectifs, en se concentrant sur les emplacements, les promoteurs fiables et les projets \u00e0 valeur durable.<\/p>\n<p><a href=\"https:\/\/www.albinfo.ch\/wp-content\/uploads\/2026\/04\/2-scaled.jpg\"><img loading=\"lazy\" decoding=\"async\" class=\"alignnone size-large wp-image-919668\" src=\"https:\/\/www.albinfo.ch\/wp-content\/uploads\/2026\/04\/2-1024x683.jpg\" alt=\"\" width=\"640\" height=\"427\" srcset=\"https:\/\/www.albinfo.at\/wp-content\/uploads\/2026\/04\/2-1024x683.jpg 1024w, https:\/\/www.albinfo.at\/wp-content\/uploads\/2026\/04\/2-300x200.jpg 300w, https:\/\/www.albinfo.at\/wp-content\/uploads\/2026\/04\/2-768x512.jpg 768w, https:\/\/www.albinfo.at\/wp-content\/uploads\/2026\/04\/2-1536x1024.jpg 1536w, https:\/\/www.albinfo.at\/wp-content\/uploads\/2026\/04\/2-2048x1365.jpg 2048w, https:\/\/www.albinfo.at\/wp-content\/uploads\/2026\/04\/2-210x141.jpg 210w, https:\/\/www.albinfo.at\/wp-content\/uploads\/2026\/04\/2-587x391.jpg 587w, https:\/\/www.albinfo.at\/wp-content\/uploads\/2026\/04\/2-150x100.jpg 150w, https:\/\/www.albinfo.at\/wp-content\/uploads\/2026\/04\/2-263x175.jpg 263w\" sizes=\"auto, (max-width: 640px) 100vw, 640px\" \/><\/a><\/p>\n<p data-start=\"0\" data-end=\"445\">Selon Balfin Real Estate, les principales tendances incluent l\u2019augmentation des projets li\u00e9s au tourisme, les d\u00e9veloppements \u00e0 usage mixte et les destinations lifestyle, tandis que la durabilit\u00e9 est devenue un crit\u00e8re essentiel pour les investisseurs ax\u00e9s sur les march\u00e9s \u00e9mergents. Dans ce contexte, les Balkans occidentaux attirent de plus en plus l\u2019attention gr\u00e2ce \u00e0 des prix comp\u00e9titifs et \u00e0 l\u2019am\u00e9lioration des infrastructures.<\/p>\n<p data-start=\"447\" data-end=\"728\">Balfin Real Estate a \u00e9galement soulign\u00e9 le potentiel de l\u2019Albanie comme l\u2019un des march\u00e9s les plus dynamiques de la r\u00e9gion, o\u00f9 la croissance du tourisme, l\u2019am\u00e9lioration de l\u2019accessibilit\u00e9 et l\u2019int\u00e9r\u00eat des investisseurs stimulent la demande, en particulier dans les zones c\u00f4ti\u00e8res.<\/p>\n<p><a href=\"https:\/\/www.albinfo.ch\/wp-content\/uploads\/2026\/04\/3-scaled.jpg\"><img loading=\"lazy\" decoding=\"async\" class=\"alignnone size-large wp-image-919671\" src=\"https:\/\/www.albinfo.ch\/wp-content\/uploads\/2026\/04\/3-1024x683.jpg\" alt=\"\" width=\"640\" height=\"427\" srcset=\"https:\/\/www.albinfo.at\/wp-content\/uploads\/2026\/04\/3-1024x683.jpg 1024w, https:\/\/www.albinfo.at\/wp-content\/uploads\/2026\/04\/3-300x200.jpg 300w, https:\/\/www.albinfo.at\/wp-content\/uploads\/2026\/04\/3-768x512.jpg 768w, https:\/\/www.albinfo.at\/wp-content\/uploads\/2026\/04\/3-1536x1024.jpg 1536w, https:\/\/www.albinfo.at\/wp-content\/uploads\/2026\/04\/3-2048x1365.jpg 2048w, https:\/\/www.albinfo.at\/wp-content\/uploads\/2026\/04\/3-210x141.jpg 210w, https:\/\/www.albinfo.at\/wp-content\/uploads\/2026\/04\/3-587x391.jpg 587w, https:\/\/www.albinfo.at\/wp-content\/uploads\/2026\/04\/3-150x100.jpg 150w, https:\/\/www.albinfo.at\/wp-content\/uploads\/2026\/04\/3-263x175.jpg 263w\" sizes=\"auto, (max-width: 640px) 100vw, 640px\" \/><\/a><\/p>\n<p data-start=\"0\" data-end=\"449\">Dans ce contexte, BRE a pr\u00e9sent\u00e9 les projets de son portefeuille, qui ont connu du succ\u00e8s gr\u00e2ce \u00e0 leur conception et leur r\u00e9alisation en ad\u00e9quation avec les tendances actuelles et les exigences du march\u00e9. Des projets tels que Green Coast, Vlora Marina, Valamar Tale et New Apollonia ont \u00e9t\u00e9 pr\u00e9sent\u00e9s comme des exemples refl\u00e9tant les \u00e9volutions les plus r\u00e9centes dans le tourisme, la cr\u00e9ation de communaut\u00e9s int\u00e9gr\u00e9es et la durabilit\u00e9.<\/p>\n<p data-start=\"451\" data-end=\"935\">Green Coast reste parmi les projets les plus recherch\u00e9s, gr\u00e2ce \u00e0 la combinaison d\u2019un emplacement strat\u00e9gique et de standards \u00e9lev\u00e9s de d\u00e9veloppement, tandis que Vlora Marina devrait transformer de mani\u00e8re significative l\u2019offre touristique de la ville de Vlora. Dans la m\u00eame dynamique s\u2019inscrit \u00e9galement le projet Valamar Tale, qui repr\u00e9sente un autre exemple d\u2019investissements orient\u00e9s vers un tourisme de qualit\u00e9 et des exp\u00e9riences int\u00e9gr\u00e9es, d\u00e9sormais aussi dans le nord du pays.<\/p>\n<p><a href=\"https:\/\/www.albinfo.ch\/wp-content\/uploads\/2026\/04\/4.jpg\"><img loading=\"lazy\" decoding=\"async\" class=\"alignnone size-large wp-image-919674\" src=\"https:\/\/www.albinfo.ch\/wp-content\/uploads\/2026\/04\/4-1024x683.jpg\" alt=\"\" width=\"640\" height=\"427\" srcset=\"https:\/\/www.albinfo.at\/wp-content\/uploads\/2026\/04\/4-1024x683.jpg 1024w, https:\/\/www.albinfo.at\/wp-content\/uploads\/2026\/04\/4-300x200.jpg 300w, https:\/\/www.albinfo.at\/wp-content\/uploads\/2026\/04\/4-768x512.jpg 768w, https:\/\/www.albinfo.at\/wp-content\/uploads\/2026\/04\/4-1536x1024.jpg 1536w, https:\/\/www.albinfo.at\/wp-content\/uploads\/2026\/04\/4-2048x1366.jpg 2048w, https:\/\/www.albinfo.at\/wp-content\/uploads\/2026\/04\/4-210x141.jpg 210w, https:\/\/www.albinfo.at\/wp-content\/uploads\/2026\/04\/4-587x391.jpg 587w, https:\/\/www.albinfo.at\/wp-content\/uploads\/2026\/04\/4-150x100.jpg 150w, https:\/\/www.albinfo.at\/wp-content\/uploads\/2026\/04\/4-262x175.jpg 262w\" sizes=\"auto, (max-width: 640px) 100vw, 640px\" \/><\/a><\/p>\n<p data-start=\"0\" data-end=\"541\">La CEO de Balfin Real Estate, Ledia Telhai, a soulign\u00e9 que l\u2019un des \u00e9l\u00e9ments qui diff\u00e9rencie l\u2019entreprise est sa pr\u00e9sence internationale, avec des bureaux au Kosovo, en Mac\u00e9doine du Nord, en Suisse, aux \u00c9tats Unis ainsi que des partenaires dans plus de 18 march\u00e9s. Selon elle, cette pr\u00e9sence permet \u00e0 l\u2019entreprise d\u2019attirer un int\u00e9r\u00eat plus large de la part d\u2019acheteurs internationaux et de mieux comprendre les besoins des diff\u00e9rents march\u00e9s, la positionnant diff\u00e9remment des op\u00e9rateurs qui agissent uniquement au niveau local.<\/p>\n<p data-start=\"543\" data-end=\"996\">Telhai a \u00e9galement mis en avant l\u2019importance de la coop\u00e9ration r\u00e9gionale comme facteur cl\u00e9 pour renforcer la comp\u00e9titivit\u00e9 et attirer les investissements \u00e9trangers. Elle a d\u00e9clar\u00e9 que l\u2019avenir de la r\u00e9gion ne d\u00e9pend pas uniquement du d\u00e9veloppement individuel des pays, mais aussi de leur capacit\u00e9 \u00e0 coop\u00e9rer, \u00e0 partager les meilleures pratiques et \u00e0 promouvoir les Balkans occidentaux comme une destination commune pour des investissements \u00e0 long terme.<\/p>\n<p data-start=\"998\" data-end=\"1307\">La participation au Kosova Finance Forum confirme une nouvelle fois le r\u00f4le de Balfin Real Estate en tant qu\u2019acteur important dans le d\u00e9veloppement du march\u00e9 immobilier et dans l\u2019orientation des investissements dans la r\u00e9gion, contribuant \u00e0 la construction d\u2019une vision durable et comp\u00e9titive pour l\u2019avenir.<\/p>\n<figure id=\"attachment_919677\" aria-describedby=\"caption-attachment-919677\" style=\"width: 640px\" class=\"wp-caption alignnone\"><a href=\"https:\/\/www.albinfo.ch\/wp-content\/uploads\/2026\/04\/5.jpg\"><img loading=\"lazy\" decoding=\"async\" class=\"wp-image-919677 size-large\" src=\"https:\/\/www.albinfo.ch\/wp-content\/uploads\/2026\/04\/5-1024x683.jpg\" alt=\"\" width=\"640\" height=\"427\" srcset=\"https:\/\/www.albinfo.at\/wp-content\/uploads\/2026\/04\/5-1024x683.jpg 1024w, https:\/\/www.albinfo.at\/wp-content\/uploads\/2026\/04\/5-300x200.jpg 300w, https:\/\/www.albinfo.at\/wp-content\/uploads\/2026\/04\/5-768x512.jpg 768w, https:\/\/www.albinfo.at\/wp-content\/uploads\/2026\/04\/5-1536x1024.jpg 1536w, https:\/\/www.albinfo.at\/wp-content\/uploads\/2026\/04\/5-210x141.jpg 210w, https:\/\/www.albinfo.at\/wp-content\/uploads\/2026\/04\/5-587x391.jpg 587w, https:\/\/www.albinfo.at\/wp-content\/uploads\/2026\/04\/5-150x100.jpg 150w, https:\/\/www.albinfo.at\/wp-content\/uploads\/2026\/04\/5-263x175.jpg 263w, https:\/\/www.albinfo.at\/wp-content\/uploads\/2026\/04\/5.jpg 2048w\" sizes=\"auto, (max-width: 640px) 100vw, 640px\" \/><\/a><figcaption id=\"caption-attachment-919677\" class=\"wp-caption-text\">albinfo.ch<\/figcaption><\/figure>\n<figure id=\"attachment_919680\" aria-describedby=\"caption-attachment-919680\" style=\"width: 640px\" class=\"wp-caption alignnone\"><a href=\"https:\/\/www.albinfo.ch\/wp-content\/uploads\/2026\/04\/6.jpg\"><img loading=\"lazy\" decoding=\"async\" class=\"size-large wp-image-919680\" src=\"https:\/\/www.albinfo.ch\/wp-content\/uploads\/2026\/04\/6-1024x683.jpg\" alt=\"\" width=\"640\" height=\"427\" srcset=\"https:\/\/www.albinfo.at\/wp-content\/uploads\/2026\/04\/6-1024x683.jpg 1024w, https:\/\/www.albinfo.at\/wp-content\/uploads\/2026\/04\/6-300x200.jpg 300w, https:\/\/www.albinfo.at\/wp-content\/uploads\/2026\/04\/6-768x512.jpg 768w, https:\/\/www.albinfo.at\/wp-content\/uploads\/2026\/04\/6-1536x1024.jpg 1536w, https:\/\/www.albinfo.at\/wp-content\/uploads\/2026\/04\/6-2048x1366.jpg 2048w, https:\/\/www.albinfo.at\/wp-content\/uploads\/2026\/04\/6-210x141.jpg 210w, https:\/\/www.albinfo.at\/wp-content\/uploads\/2026\/04\/6-587x391.jpg 587w, https:\/\/www.albinfo.at\/wp-content\/uploads\/2026\/04\/6-150x100.jpg 150w, https:\/\/www.albinfo.at\/wp-content\/uploads\/2026\/04\/6-262x175.jpg 262w\" sizes=\"auto, (max-width: 640px) 100vw, 640px\" \/><\/a><figcaption id=\"caption-attachment-919680\" class=\"wp-caption-text\">albinfo.ch<\/figcaption><\/figure>\n<p>&nbsp;<\/p>\n<p>&nbsp;<\/p>\n<p>&nbsp;<\/p>\n","protected":false},"excerpt":{"rendered":"<p>Balfin Real Estate a particip\u00e9 \u00e0 la deuxi\u00e8me \u00e9dition du Kosova Finance Forum, une plateforme r\u00e9gionale importante pour discuter des d\u00e9veloppements \u00e9conomiques et des tendances en mati\u00e8re d\u2019investissement. Le forum a r\u00e9uni des repr\u00e9sentants de haut niveau du secteur public, priv\u00e9 ainsi que des institutions financi\u00e8res de la r\u00e9gion et de l\u2019Europe, devenant un espace [&hellip;]<\/p>\n","protected":false},"author":6,"featured_media":919666,"comment_status":"closed","ping_status":"closed","sticky":false,"template":"","format":"standard","meta":{"footnotes":""},"categories":[33083,34944,34946,3980,23271,23272,1160,3943,3944,3949,3979,23270,24620,24623,1159],"tags":[],"vendi":[],"content_country":[31835,31838,31840],"class_list":["post-919857","post","type-post","status-publish","format-standard","has-post-thumbnail","hentry","category-de-balkani-fr","category-shqiperi-fr","category-kosove-fr","category-portrait-des-entreprises","category-kosovo","category-albanie","category-actuel","category-shqiperia-fr","category-turizmi-fr","category-kosova-fr","category-entreprises-cat","category-at-balkani-fr","category-kosova-fr-2","category-albanie-fr","category-ch-balkans","content_country-austria-fr","content_country-germany-fr","content_country-zvicer-fr"],"acf":[],"_links":{"self":[{"href":"https:\/\/www.albinfo.at\/fr\/wp-json\/wp\/v2\/posts\/919857","targetHints":{"allow":["GET"]}}],"collection":[{"href":"https:\/\/www.albinfo.at\/fr\/wp-json\/wp\/v2\/posts"}],"about":[{"href":"https:\/\/www.albinfo.at\/fr\/wp-json\/wp\/v2\/types\/post"}],"author":[{"embeddable":true,"href":"https:\/\/www.albinfo.at\/fr\/wp-json\/wp\/v2\/users\/6"}],"replies":[{"embeddable":true,"href":"https:\/\/www.albinfo.at\/fr\/wp-json\/wp\/v2\/comments?post=919857"}],"version-history":[{"count":2,"href":"https:\/\/www.albinfo.at\/fr\/wp-json\/wp\/v2\/posts\/919857\/revisions"}],"predecessor-version":[{"id":919859,"href":"https:\/\/www.albinfo.at\/fr\/wp-json\/wp\/v2\/posts\/919857\/revisions\/919859"}],"wp:featuredmedia":[{"embeddable":true,"href":"https:\/\/www.albinfo.at\/fr\/wp-json\/wp\/v2\/media\/919666"}],"wp:attachment":[{"href":"https:\/\/www.albinfo.at\/fr\/wp-json\/wp\/v2\/media?parent=919857"}],"wp:term":[{"taxonomy":"category","embeddable":true,"href":"https:\/\/www.albinfo.at\/fr\/wp-json\/wp\/v2\/categories?post=919857"},{"taxonomy":"post_tag","embeddable":true,"href":"https:\/\/www.albinfo.at\/fr\/wp-json\/wp\/v2\/tags?post=919857"},{"taxonomy":"vendi","embeddable":true,"href":"https:\/\/www.albinfo.at\/fr\/wp-json\/wp\/v2\/vendi?post=919857"},{"taxonomy":"content_country","embeddable":true,"href":"https:\/\/www.albinfo.at\/fr\/wp-json\/wp\/v2\/content_country?post=919857"}],"curies":[{"name":"wp","href":"https:\/\/api.w.org\/{rel}","templated":true}]}}