{"id":919740,"date":"2026-04-30T14:15:31","date_gmt":"2026-04-30T12:15:31","guid":{"rendered":"https:\/\/www.albinfo.ch\/kosova-shkelqen-ne-emo-2026-ajan-hajrullahu-fiton-medaljen-e-bronzte-ne-lituani\/"},"modified":"2026-04-30T23:23:29","modified_gmt":"2026-04-30T21:23:29","slug":"kosova-shkelqen-ne-emo-2026-ajan-hajrullahu-fiton-medaljen-e-bronzte-ne-lituani","status":"publish","type":"post","link":"https:\/\/www.albinfo.at\/fr\/kosova-shkelqen-ne-emo-2026-ajan-hajrullahu-fiton-medaljen-e-bronzte-ne-lituani\/","title":{"rendered":"Le Kosovo brille \u00e0 l\u2019EMO 2026, Ajan Hajrullahu remporte la m\u00e9daille de bronze en Lituanie"},"content":{"rendered":"<p data-start=\"0\" data-end=\"348\">L\u2019\u00e9l\u00e8ve Ajan Hajrullahu a remport\u00e9 la m\u00e9daille de bronze \u00e0 l\u2019Olympiade math\u00e9matique europ\u00e9enne EMO 2026, organis\u00e9e \u00e0 Vilnius en Lituanie, tandis que l\u2019\u00e9quipe du Kosovo a \u00e9galement obtenu deux mentions honorifiques, remport\u00e9es par Lyron Celina et Vesa Xhymshiti, informe l\u2019Association des math\u00e9maticiens du Kosovo, rapporte albinfo.ch.<\/p>\n<p data-start=\"350\" data-end=\"559\">&#8220;L\u2019Association des math\u00e9maticiens du Kosovo f\u00e9licite l\u2019\u00e9l\u00e8ve Ajan Hajrullahu pour le succ\u00e8s obtenu et pour avoir dignement repr\u00e9sent\u00e9 l\u2019\u00c9tat du Kosovo dans cette olympiade prestigieuse&#8221;, indique le communiqu\u00e9.<\/p>\n<p data-start=\"561\" data-end=\"756\">Ajan Hajrullahu est \u00e9l\u00e8ve de terminale, Lyron Celina est en classe de onzi\u00e8me, tandis que Vesa Xhymshiti est en huiti\u00e8me ann\u00e9e, tous trois issus de l\u2019\u00e9cole &#8220;New York School of Science in Kosova&#8221;.<\/p>\n<p data-start=\"758\" data-end=\"918\">L\u2019association souligne que l\u2019EMO est l\u2019une des comp\u00e9titions europ\u00e9ennes de math\u00e9matiques les plus importantes, o\u00f9 participent les meilleurs \u00e9l\u00e8ves du continent.<\/p>\n<p data-start=\"920\" data-end=\"1209\">L\u2019olympiade s\u2019est d\u00e9roul\u00e9e du 23 au 29 avril 2026, tandis que les \u00e9preuves ont eu lieu les 25 et 26 avril, chacune d\u2019une dur\u00e9e de quatre heures et demie. Selon l\u2019association, deux probl\u00e8mes du test ont \u00e9t\u00e9 propos\u00e9s par l\u2019\u00e9quipe du Kosovo, avec comme auteurs Dorlir Ahmeti et Haris Shaqiri.<\/p>\n<p data-start=\"1211\" data-end=\"1416\">&#8220;La s\u00e9lection de probl\u00e8mes propos\u00e9s par le Kosovo dans une comp\u00e9tition aussi prestigieuse t\u00e9moigne du haut niveau professionnel et de la cr\u00e9ativit\u00e9 math\u00e9matique de notre communaut\u00e9&#8221;, pr\u00e9cise le communiqu\u00e9.<\/p>\n<p data-start=\"1418\" data-end=\"1650\">Par ailleurs, Vesa Xhymshiti a \u00e9galement obtenu une mention honorifique \u00e0 l\u2019Olympiade math\u00e9matique europ\u00e9enne des filles EGMO 2026, organis\u00e9e en France, o\u00f9 elle est pass\u00e9e tr\u00e8s pr\u00e8s de la m\u00e9daille de bronze, \u00e0 seulement deux points.<\/p>\n<p data-start=\"1652\" data-end=\"1892\">L\u2019Association des math\u00e9maticiens du Kosovo a annonc\u00e9 qu\u2019elle continuera \u00e0 soutenir les jeunes talents en math\u00e9matiques, avec l\u2019objectif d\u2019assurer une repr\u00e9sentation aussi digne que possible du Kosovo dans les comp\u00e9titions internationales.\/Albinfo.ch<\/p>\n","protected":false},"excerpt":{"rendered":"<p>Ajan Hajrullahu a remport\u00e9 la m\u00e9daille de bronze \u00e0 l\u2019Olympiade math\u00e9matique europ\u00e9enne EMO 2026, qui s\u2019est tenue \u00e0 Vilnius en Lituanie<\/p>\n","protected":false},"author":31,"featured_media":919557,"comment_status":"closed","ping_status":"closed","sticky":false,"template":"","format":"standard","meta":{"footnotes":""},"categories":[23271,24637,3949,23270,24630,1159,1163],"tags":[],"vendi":[],"content_country":[31835,31838,31840],"class_list":["post-919740","post","type-post","status-publish","format-standard","has-post-thumbnail","hentry","category-kosovo","category-nouvelles-fr-4","category-kosova-fr","category-at-balkani-fr","category-nouvelles","category-ch-balkans","category-fr-e-diaspora","content_country-austria-fr","content_country-germany-fr","content_country-zvicer-fr"],"acf":[],"_links":{"self":[{"href":"https:\/\/www.albinfo.at\/fr\/wp-json\/wp\/v2\/posts\/919740","targetHints":{"allow":["GET"]}}],"collection":[{"href":"https:\/\/www.albinfo.at\/fr\/wp-json\/wp\/v2\/posts"}],"about":[{"href":"https:\/\/www.albinfo.at\/fr\/wp-json\/wp\/v2\/types\/post"}],"author":[{"embeddable":true,"href":"https:\/\/www.albinfo.at\/fr\/wp-json\/wp\/v2\/users\/31"}],"replies":[{"embeddable":true,"href":"https:\/\/www.albinfo.at\/fr\/wp-json\/wp\/v2\/comments?post=919740"}],"version-history":[{"count":2,"href":"https:\/\/www.albinfo.at\/fr\/wp-json\/wp\/v2\/posts\/919740\/revisions"}],"predecessor-version":[{"id":919742,"href":"https:\/\/www.albinfo.at\/fr\/wp-json\/wp\/v2\/posts\/919740\/revisions\/919742"}],"wp:featuredmedia":[{"embeddable":true,"href":"https:\/\/www.albinfo.at\/fr\/wp-json\/wp\/v2\/media\/919557"}],"wp:attachment":[{"href":"https:\/\/www.albinfo.at\/fr\/wp-json\/wp\/v2\/media?parent=919740"}],"wp:term":[{"taxonomy":"category","embeddable":true,"href":"https:\/\/www.albinfo.at\/fr\/wp-json\/wp\/v2\/categories?post=919740"},{"taxonomy":"post_tag","embeddable":true,"href":"https:\/\/www.albinfo.at\/fr\/wp-json\/wp\/v2\/tags?post=919740"},{"taxonomy":"vendi","embeddable":true,"href":"https:\/\/www.albinfo.at\/fr\/wp-json\/wp\/v2\/vendi?post=919740"},{"taxonomy":"content_country","embeddable":true,"href":"https:\/\/www.albinfo.at\/fr\/wp-json\/wp\/v2\/content_country?post=919740"}],"curies":[{"name":"wp","href":"https:\/\/api.w.org\/{rel}","templated":true}]}}