{"id":919710,"date":"2026-04-30T11:19:37","date_gmt":"2026-04-30T09:19:37","guid":{"rendered":"https:\/\/www.albinfo.ch\/prezentohen-zyrtarisht-skena-dhe-risite-e-eurovision-2026-ne-vjene\/"},"modified":"2026-04-30T23:10:11","modified_gmt":"2026-04-30T21:10:11","slug":"prezentohen-zyrtarisht-skena-dhe-risite-e-eurovision-2026-ne-vjene","status":"publish","type":"post","link":"https:\/\/www.albinfo.at\/fr\/prezentohen-zyrtarisht-skena-dhe-risite-e-eurovision-2026-ne-vjene\/","title":{"rendered":"La sc\u00e8ne et les nouveaut\u00e9s de l\u2019Eurovision 2026 \u00e0 Vienne sont pr\u00e9sent\u00e9es officiellement"},"content":{"rendered":"<p data-start=\"0\" data-end=\"207\">La sc\u00e8ne de la 70e \u00e9dition du Festival europ\u00e9en de la chanson Eurovision a \u00e9t\u00e9 pr\u00e9sent\u00e9e officiellement lors d\u2019une c\u00e9r\u00e9monie sp\u00e9ciale tenue \u00e0 la Wiener Stadthalle \u00e0 Vienne, rapporte albinfo.ch.<\/p>\n<p data-start=\"209\" data-end=\"386\">La c\u00e9r\u00e9monie a \u00e9t\u00e9 ouverte par le pr\u00e9sident f\u00e9d\u00e9ral d\u2019Autriche, Alexander Van der Bellen, qui a qualifi\u00e9 l\u2019Eurovision de f\u00eate de la diversit\u00e9 et de l\u2019unit\u00e9 culturelle en Europe.<\/p>\n<p data-start=\"388\" data-end=\"821\">La sc\u00e8ne de cette ann\u00e9e a \u00e9t\u00e9 construite par le diffuseur public autrichien ORF en collaboration avec les \u00e9quipes organisatrices, et elle est consid\u00e9r\u00e9e comme l\u2019un des plus grands projets techniques de l\u2019histoire du festival. Elle s\u2019\u00e9tend sur environ 2000 m\u00e8tres carr\u00e9s et p\u00e8se pr\u00e8s de 210 tonnes, tandis qu\u2019environ 300 personnes ont \u00e9t\u00e9 mobilis\u00e9es pour sa r\u00e9alisation lors de plusieurs jours de travail intensif, rapporte Zeri.info.<\/p>\n<p data-start=\"823\" data-end=\"1044\">Les organisateurs ont indiqu\u00e9 que plus de 5000 m\u00e8tres carr\u00e9s de mat\u00e9riaux recyclables ont \u00e9t\u00e9 utilis\u00e9s, ainsi qu\u2019un syst\u00e8me d\u2019\u00e9clairage avanc\u00e9 comprenant 2135 dispositifs et plus de 8500 LED contr\u00f4lables individuellement.<\/p>\n<p data-start=\"1046\" data-end=\"1270\">L\u2019une des principales nouveaut\u00e9s de cette \u00e9dition est l\u2019utilisation des cam\u00e9ras cin\u00e9matographiques &#8220;ARRI Alexa 35&#8221;, destin\u00e9es \u00e0 offrir une image plus cin\u00e9matographique et visuellement plus avanc\u00e9e des performances en direct.<\/p>\n<p data-start=\"1272\" data-end=\"1466\">Selon les producteurs, la sc\u00e8ne con\u00e7ue par Florian Wieder et Tim Routledge offrira aux artistes de 35 pays participants de nouvelles possibilit\u00e9s cr\u00e9atives pour des performances plus dynamiques.<\/p>\n<p data-start=\"1468\" data-end=\"1609\">Les r\u00e9p\u00e9titions officielles avec les artistes d\u00e9buteront au d\u00e9but du mois de mai, avant les soir\u00e9es en direct pr\u00e9vues les 12, 14 et 16 mai.\/Albinfo.ch<\/p>\n","protected":false},"excerpt":{"rendered":"<p>\u00c0 la Wiener Stadthalle a \u00e9t\u00e9 d\u00e9voil\u00e9e la sc\u00e8ne de la 70e \u00e9dition de l\u2019Eurovision, consid\u00e9r\u00e9e comme l\u2019un des projets techniques les plus ambitieux de l\u2019histoire du festival<\/p>\n","protected":false},"author":31,"featured_media":919521,"comment_status":"closed","ping_status":"closed","sticky":false,"template":"","format":"standard","meta":{"footnotes":""},"categories":[34913,24660,24630,24633,1168],"tags":[],"vendi":[],"content_country":[31835,31838,31840],"class_list":["post-919710","post","type-post","status-publish","format-standard","has-post-thumbnail","hentry","category-la-vie-en-autriche","category-la-musique","category-nouvelles","category-nouvelles-fr-2","category-culture","content_country-austria-fr","content_country-germany-fr","content_country-zvicer-fr"],"acf":[],"_links":{"self":[{"href":"https:\/\/www.albinfo.at\/fr\/wp-json\/wp\/v2\/posts\/919710","targetHints":{"allow":["GET"]}}],"collection":[{"href":"https:\/\/www.albinfo.at\/fr\/wp-json\/wp\/v2\/posts"}],"about":[{"href":"https:\/\/www.albinfo.at\/fr\/wp-json\/wp\/v2\/types\/post"}],"author":[{"embeddable":true,"href":"https:\/\/www.albinfo.at\/fr\/wp-json\/wp\/v2\/users\/31"}],"replies":[{"embeddable":true,"href":"https:\/\/www.albinfo.at\/fr\/wp-json\/wp\/v2\/comments?post=919710"}],"version-history":[{"count":2,"href":"https:\/\/www.albinfo.at\/fr\/wp-json\/wp\/v2\/posts\/919710\/revisions"}],"predecessor-version":[{"id":919734,"href":"https:\/\/www.albinfo.at\/fr\/wp-json\/wp\/v2\/posts\/919710\/revisions\/919734"}],"wp:featuredmedia":[{"embeddable":true,"href":"https:\/\/www.albinfo.at\/fr\/wp-json\/wp\/v2\/media\/919521"}],"wp:attachment":[{"href":"https:\/\/www.albinfo.at\/fr\/wp-json\/wp\/v2\/media?parent=919710"}],"wp:term":[{"taxonomy":"category","embeddable":true,"href":"https:\/\/www.albinfo.at\/fr\/wp-json\/wp\/v2\/categories?post=919710"},{"taxonomy":"post_tag","embeddable":true,"href":"https:\/\/www.albinfo.at\/fr\/wp-json\/wp\/v2\/tags?post=919710"},{"taxonomy":"vendi","embeddable":true,"href":"https:\/\/www.albinfo.at\/fr\/wp-json\/wp\/v2\/vendi?post=919710"},{"taxonomy":"content_country","embeddable":true,"href":"https:\/\/www.albinfo.at\/fr\/wp-json\/wp\/v2\/content_country?post=919710"}],"curies":[{"name":"wp","href":"https:\/\/api.w.org\/{rel}","templated":true}]}}