{"id":919692,"date":"2026-04-30T09:15:37","date_gmt":"2026-04-30T07:15:37","guid":{"rendered":"https:\/\/www.albinfo.ch\/alesia-shqiptarja-nga-firence-qe-spikat-ne-fushen-e-inxhinierise-biomjekesore-dhe-inteligjences-artificiale\/"},"modified":"2026-04-30T22:33:28","modified_gmt":"2026-04-30T20:33:28","slug":"alesia-shqiptarja-nga-firence-qe-spikat-ne-fushen-e-inxhinierise-biomjekesore-dhe-inteligjences-artificiale","status":"publish","type":"post","link":"https:\/\/www.albinfo.at\/fr\/alesia-shqiptarja-nga-firence-qe-spikat-ne-fushen-e-inxhinierise-biomjekesore-dhe-inteligjences-artificiale\/","title":{"rendered":"Alesia, l\u2019Albanaise de Florence qui se distingue dans le domaine de l\u2019ing\u00e9nierie biom\u00e9dicale et de l\u2019intelligence artificielle"},"content":{"rendered":"<p data-start=\"0\" data-end=\"187\">Alesia Tahsinit, une jeune Albanaise de 24 ans n\u00e9e et \u00e9lev\u00e9e \u00e0 Florence, construit une carri\u00e8re prometteuse dans le domaine de l\u2019ing\u00e9nierie biom\u00e9dicale, rapporte albinfo.ch.<\/p>\n<p data-start=\"189\" data-end=\"480\">Alesia explique qu\u2019elle pr\u00e9serve avec fiert\u00e9 son identit\u00e9 albanaise, soulignant qu\u2019elle se pr\u00e9sente toujours comme Albanaise originaire de Vlora. Ses parents ont \u00e9migr\u00e9 \u00e0 la fin des ann\u00e9es 90, en recommen\u00e7ant tout \u00e0 z\u00e9ro en Italie, un sacrifice qu\u2019elle consid\u00e8re comme la base de son succ\u00e8s.<\/p>\n<p data-start=\"482\" data-end=\"723\">Actuellement, elle poursuit des \u00e9tudes de master et se sp\u00e9cialise en m\u00e9decine personnalis\u00e9e et en ing\u00e9nierie r\u00e9g\u00e9n\u00e9rative, en travaillant sur des projets incluant des analyses 3D d\u2019organes pour aider les chirurgiens \u00e0 identifier les tumeurs.<\/p>\n<p data-start=\"725\" data-end=\"966\">En parall\u00e8le de ses \u00e9tudes, Alesia travaille \u00e9galement comme enseignante dans les domaines STEM et de l\u2019intelligence artificielle, en soulignant que la technologie est un outil pr\u00e9cieux, mais qu\u2019elle ne doit pas remplacer la pens\u00e9e critique.<\/p>\n<p data-start=\"968\" data-end=\"1286\">Bien qu\u2019elle vive en Italie, elle retourne souvent en Albanie et exprime des pr\u00e9occupations quant \u00e0 la pr\u00e9servation de la langue albanaise chez les jeunes g\u00e9n\u00e9rations de la diaspora. \u00c0 l\u2019avenir, elle souhaite devenir professeure universitaire et cr\u00e9er une startup dans le domaine de la technologie et de la m\u00e9decine.\/Albinfo.ch<\/p>\n","protected":false},"excerpt":{"rendered":"<p>La jeune Albanaise de 24 ans se distingue en Italie dans le domaine de l\u2019ing\u00e9nierie biom\u00e9dicale et de l\u2019intelligence artificielle<\/p>\n","protected":false},"author":31,"featured_media":919503,"comment_status":"closed","ping_status":"closed","sticky":false,"template":"","format":"standard","meta":{"footnotes":""},"categories":[24637,1164,1165,24630,24692,24696,1163],"tags":[],"vendi":[],"content_country":[31835,31838,31840],"class_list":["post-919692","post","type-post","status-publish","format-standard","has-post-thumbnail","hentry","category-nouvelles-fr-4","category-integration-fr","category-femmes","category-nouvelles","category-curiosites","category-autotech-fr","category-fr-e-diaspora","content_country-austria-fr","content_country-germany-fr","content_country-zvicer-fr"],"acf":[],"_links":{"self":[{"href":"https:\/\/www.albinfo.at\/fr\/wp-json\/wp\/v2\/posts\/919692","targetHints":{"allow":["GET"]}}],"collection":[{"href":"https:\/\/www.albinfo.at\/fr\/wp-json\/wp\/v2\/posts"}],"about":[{"href":"https:\/\/www.albinfo.at\/fr\/wp-json\/wp\/v2\/types\/post"}],"author":[{"embeddable":true,"href":"https:\/\/www.albinfo.at\/fr\/wp-json\/wp\/v2\/users\/31"}],"replies":[{"embeddable":true,"href":"https:\/\/www.albinfo.at\/fr\/wp-json\/wp\/v2\/comments?post=919692"}],"version-history":[{"count":2,"href":"https:\/\/www.albinfo.at\/fr\/wp-json\/wp\/v2\/posts\/919692\/revisions"}],"predecessor-version":[{"id":919694,"href":"https:\/\/www.albinfo.at\/fr\/wp-json\/wp\/v2\/posts\/919692\/revisions\/919694"}],"wp:featuredmedia":[{"embeddable":true,"href":"https:\/\/www.albinfo.at\/fr\/wp-json\/wp\/v2\/media\/919503"}],"wp:attachment":[{"href":"https:\/\/www.albinfo.at\/fr\/wp-json\/wp\/v2\/media?parent=919692"}],"wp:term":[{"taxonomy":"category","embeddable":true,"href":"https:\/\/www.albinfo.at\/fr\/wp-json\/wp\/v2\/categories?post=919692"},{"taxonomy":"post_tag","embeddable":true,"href":"https:\/\/www.albinfo.at\/fr\/wp-json\/wp\/v2\/tags?post=919692"},{"taxonomy":"vendi","embeddable":true,"href":"https:\/\/www.albinfo.at\/fr\/wp-json\/wp\/v2\/vendi?post=919692"},{"taxonomy":"content_country","embeddable":true,"href":"https:\/\/www.albinfo.at\/fr\/wp-json\/wp\/v2\/content_country?post=919692"}],"curies":[{"name":"wp","href":"https:\/\/api.w.org\/{rel}","templated":true}]}}