{"id":919484,"date":"2026-04-29T15:10:58","date_gmt":"2026-04-29T13:10:58","guid":{"rendered":"https:\/\/www.albinfo.ch\/presidenti-i-zvicres-guy-parmelin-pritet-nga-presidentja-siljanovska-davkova\/"},"modified":"2026-04-29T23:16:43","modified_gmt":"2026-04-29T21:16:43","slug":"presidenti-i-zvicres-guy-parmelin-pritet-nga-presidentja-siljanovska-davkova","status":"publish","type":"post","link":"https:\/\/www.albinfo.at\/fr\/presidenti-i-zvicres-guy-parmelin-pritet-nga-presidentja-siljanovska-davkova\/","title":{"rendered":"Le pr\u00e9sident de la Suisse Guy Parmelin est re\u00e7u par la pr\u00e9sidente Siljanovska Davkova"},"content":{"rendered":"<p data-start=\"0\" data-end=\"234\">Le pr\u00e9sident de la Suisse Guy Parmelin effectue une visite officielle en Mac\u00e9doine du Nord, o\u00f9 il a \u00e9t\u00e9 accueilli avec les honneurs d\u2019\u00c9tat et militaires par la pr\u00e9sidente Gordana Siljanovska Davkova, rapporte albinfo.ch.<\/p>\n<p data-start=\"236\" data-end=\"584\">Apr\u00e8s la c\u00e9r\u00e9monie officielle d\u2019accueil, les deux pr\u00e9sidents ont tenu une rencontre en t\u00eate \u00e0 t\u00eate, suivie d\u2019une r\u00e9union pl\u00e9ni\u00e8re des d\u00e9l\u00e9gations respectives. Les discussions ont port\u00e9 principalement sur les relations bilat\u00e9rales, le renforcement de la coop\u00e9ration \u00e9conomique ainsi que le processus d\u2019int\u00e9gration europ\u00e9enne de la Mac\u00e9doine du Nord.<\/p>\n<p data-start=\"586\" data-end=\"1153\">La pr\u00e9sidente Siljanovska Davkova a exprim\u00e9 sa gratitude pour le soutien continu de la Suisse dans le processus de rapprochement avec l\u2019Union europ\u00e9enne, ainsi que pour les contributions dans des domaines cl\u00e9s tels que l\u2019\u00c9tat de droit, le renforcement des institutions d\u00e9mocratiques et la protection des ressources naturelles. Elle a soulign\u00e9 l\u2019importance des crit\u00e8res de Copenhague, en pr\u00e9cisant que son pays est, d\u2019un point de vue g\u00e9ographique, historique et culturel, partie int\u00e9grante de l\u2019Europe et m\u00e9rite un traitement \u00e9quitable dans le processus d\u2019int\u00e9gration.<\/p>\n<p data-start=\"1155\" data-end=\"1311\">&#8220;Ce que nous demandons, c\u2019est de nous concentrer sur les r\u00e9formes et de ne pas perdre d\u2019\u00e9nergie dans des questions irrationnelles&#8221;, a d\u00e9clar\u00e9 la pr\u00e9sidente.<\/p>\n<p data-start=\"1313\" data-end=\"1662\">De son c\u00f4t\u00e9, le pr\u00e9sident suisse Guy Parmelin a indiqu\u00e9 que la visite vise \u00e9galement \u00e0 approfondir la coop\u00e9ration \u00e9conomique et \u00e0 am\u00e9liorer les conditions des \u00e9changes commerciaux. Il a soulign\u00e9 l\u2019importance de l\u2019\u00c9tat de droit, du bon fonctionnement des institutions et de la stabilit\u00e9 politique comme conditions pr\u00e9alables au d\u00e9veloppement durable.<\/p>\n<p data-start=\"1664\" data-end=\"1873\">&#8220;La Suisse accorde une grande importance \u00e0 la paix et \u00e0 la stabilit\u00e9 dans les Balkans occidentaux. L\u2019int\u00e9gration europ\u00e9enne reste un facteur cl\u00e9 pour la paix et la prosp\u00e9rit\u00e9 de la r\u00e9gion&#8221;, a d\u00e9clar\u00e9 Parmelin.<\/p>\n<p data-start=\"1875\" data-end=\"2248\">Au cours de la visite, le pr\u00e9sident suisse a \u00e9galement rencontr\u00e9 le pr\u00e9sident du Parlement Afrim Gashi ainsi que le Premier ministre Hristijan Mickoski. Dans le cadre de l\u2019agenda, une rencontre a \u00e9galement \u00e9t\u00e9 organis\u00e9e entre des repr\u00e9sentants du monde des affaires de la Suisse et de la Mac\u00e9doine du Nord, afin de renforcer la coop\u00e9ration \u00e9conomique entre les deux pays.\/Albinfo.ch<\/p>\n","protected":false},"excerpt":{"rendered":"<p>Visite officielle du pr\u00e9sident suisse Guy Parmelin en Mac\u00e9doine du Nord, au centre l\u2019int\u00e9gration europ\u00e9enne et la coop\u00e9ration \u00e9conomique<\/p>\n","protected":false},"author":31,"featured_media":919382,"comment_status":"closed","ping_status":"closed","sticky":false,"template":"","format":"standard","meta":{"footnotes":""},"categories":[24627,23273,18826,23270,24630,1159,1170],"tags":[],"vendi":[],"content_country":[31835,31838,31840],"class_list":["post-919484","post","type-post","status-publish","format-standard","has-post-thumbnail","hentry","category-macedoine-du-nord-fr-2","category-macedoine-du-nord","category-lajme-jeta-ne-zvicer-fr","category-at-balkani-fr","category-nouvelles","category-ch-balkans","category-vivre-en-suisse","content_country-austria-fr","content_country-germany-fr","content_country-zvicer-fr"],"acf":[],"_links":{"self":[{"href":"https:\/\/www.albinfo.at\/fr\/wp-json\/wp\/v2\/posts\/919484","targetHints":{"allow":["GET"]}}],"collection":[{"href":"https:\/\/www.albinfo.at\/fr\/wp-json\/wp\/v2\/posts"}],"about":[{"href":"https:\/\/www.albinfo.at\/fr\/wp-json\/wp\/v2\/types\/post"}],"author":[{"embeddable":true,"href":"https:\/\/www.albinfo.at\/fr\/wp-json\/wp\/v2\/users\/31"}],"replies":[{"embeddable":true,"href":"https:\/\/www.albinfo.at\/fr\/wp-json\/wp\/v2\/comments?post=919484"}],"version-history":[{"count":2,"href":"https:\/\/www.albinfo.at\/fr\/wp-json\/wp\/v2\/posts\/919484\/revisions"}],"predecessor-version":[{"id":919486,"href":"https:\/\/www.albinfo.at\/fr\/wp-json\/wp\/v2\/posts\/919484\/revisions\/919486"}],"wp:featuredmedia":[{"embeddable":true,"href":"https:\/\/www.albinfo.at\/fr\/wp-json\/wp\/v2\/media\/919382"}],"wp:attachment":[{"href":"https:\/\/www.albinfo.at\/fr\/wp-json\/wp\/v2\/media?parent=919484"}],"wp:term":[{"taxonomy":"category","embeddable":true,"href":"https:\/\/www.albinfo.at\/fr\/wp-json\/wp\/v2\/categories?post=919484"},{"taxonomy":"post_tag","embeddable":true,"href":"https:\/\/www.albinfo.at\/fr\/wp-json\/wp\/v2\/tags?post=919484"},{"taxonomy":"vendi","embeddable":true,"href":"https:\/\/www.albinfo.at\/fr\/wp-json\/wp\/v2\/vendi?post=919484"},{"taxonomy":"content_country","embeddable":true,"href":"https:\/\/www.albinfo.at\/fr\/wp-json\/wp\/v2\/content_country?post=919484"}],"curies":[{"name":"wp","href":"https:\/\/api.w.org\/{rel}","templated":true}]}}