{"id":919465,"date":"2026-04-29T12:10:03","date_gmt":"2026-04-29T10:10:03","guid":{"rendered":"https:\/\/www.albinfo.ch\/rina-januzi-perzgjedhet-te-performoje-ne-festivalin-louhela-jam-2026-ne-finlande\/"},"modified":"2026-04-29T22:55:20","modified_gmt":"2026-04-29T20:55:20","slug":"rina-januzi-perzgjedhet-te-performoje-ne-festivalin-louhela-jam-2026-ne-finlande","status":"publish","type":"post","link":"https:\/\/www.albinfo.at\/fr\/rina-januzi-perzgjedhet-te-performoje-ne-festivalin-louhela-jam-2026-ne-finlande\/","title":{"rendered":"Rina Januzi est s\u00e9lectionn\u00e9e pour se produire au festival &#8220;Louhela Jam 2026&#8221; en Finlande"},"content":{"rendered":"<p data-start=\"0\" data-end=\"237\">Rina Januzi, originaire du Kosovo et vivant en Finlande, a \u00e9t\u00e9 s\u00e9lectionn\u00e9e pour se produire au festival &#8220;Louhela Jam 2026&#8221;, qui se tiendra le 31 mai \u00e0 Jokiuomanpuisto, Louhela, dans la ville de Vantaa, rapporte albinfo.ch.<\/p>\n<p data-start=\"239\" data-end=\"455\">Sa s\u00e9lection \u00e0 ce festival est consid\u00e9r\u00e9e comme une nouvelle preuve du talent et de l\u2019engagement de nos compatriotes dans la diaspora, qui continuent de repr\u00e9senter le Kosovo avec dignit\u00e9 sur la sc\u00e8ne internationale.<\/p>\n<p data-start=\"457\" data-end=\"527\">Le festival &#8220;Louhela Jam 2026&#8221; est gratuit et ouvert \u00e0 tout le public.<\/p>\n<p data-start=\"529\" data-end=\"670\">L\u2019artiste kosovare a remerci\u00e9 le public et ses soutiens \u00e0 travers un message, en invitant tout le monde \u00e0 participer \u00e0 cet \u00e9v\u00e9nement musical.<\/p>\n<p data-start=\"672\" data-end=\"1029\">&#8220;Cher public, nous avons rendu cela possible ensemble gr\u00e2ce \u00e0 vous. Vous \u00eates tous invit\u00e9s au festival Louhela Jam 2026 \u00e0 Jokiuomanpuisto, Louhela, Vantaa le 31 mai et c\u2019est gratuit. Merci pour votre soutien, cela compte \u00e9norm\u00e9ment pour moi et je ne l\u2019oublierai jamais. J\u2019esp\u00e8re que vous appr\u00e9cierez pleinement ma musique et ma performance&#8221;, a \u00e9crit Januzi.<\/p>\n<p data-start=\"1031\" data-end=\"1248\">Sa performance est attendue comme l\u2019un des moments forts du festival, tandis que les organisateurs ont annonc\u00e9 que le public pourra profiter de musique en direct et d\u2019une ambiance festive tout au long de la journ\u00e9e.\/Albinfo.ch<\/p>\n<p><img loading=\"lazy\" decoding=\"async\" class=\"alignnone wp-image-919297\" src=\"https:\/\/www.albinfo.ch\/wp-content\/uploads\/2026\/04\/img_9128-819x1024.jpeg\" alt=\"\" width=\"500\" height=\"625\" srcset=\"https:\/\/www.albinfo.at\/wp-content\/uploads\/2026\/04\/img_9128-819x1024.jpeg 819w, https:\/\/www.albinfo.at\/wp-content\/uploads\/2026\/04\/img_9128-240x300.jpeg 240w, https:\/\/www.albinfo.at\/wp-content\/uploads\/2026\/04\/img_9128-768x960.jpeg 768w, https:\/\/www.albinfo.at\/wp-content\/uploads\/2026\/04\/img_9128-317x396.jpeg 317w, https:\/\/www.albinfo.at\/wp-content\/uploads\/2026\/04\/img_9128-80x100.jpeg 80w, https:\/\/www.albinfo.at\/wp-content\/uploads\/2026\/04\/img_9128-140x175.jpeg 140w, https:\/\/www.albinfo.at\/wp-content\/uploads\/2026\/04\/img_9128.jpeg 1080w\" sizes=\"auto, (max-width: 500px) 100vw, 500px\" \/><\/p>\n<p>&nbsp;<\/p>\n","protected":false},"excerpt":{"rendered":"<p>L\u2019artiste kosovare vivant et travaillant en Finlande montera sur sc\u00e8ne le 31 mai \u00e0 Jokiuomanpuisto, Louhela Vantaa, dans le cadre d\u2019un festival gratuit et ouvert au public<\/p>\n","protected":false},"author":31,"featured_media":919295,"comment_status":"closed","ping_status":"closed","sticky":false,"template":"","format":"standard","meta":{"footnotes":""},"categories":[24637,24660,1164,1165,24630,1163,1168],"tags":[],"vendi":[],"content_country":[31835,31838,31840],"class_list":["post-919465","post","type-post","status-publish","format-standard","has-post-thumbnail","hentry","category-nouvelles-fr-4","category-la-musique","category-integration-fr","category-femmes","category-nouvelles","category-fr-e-diaspora","category-culture","content_country-austria-fr","content_country-germany-fr","content_country-zvicer-fr"],"acf":[],"_links":{"self":[{"href":"https:\/\/www.albinfo.at\/fr\/wp-json\/wp\/v2\/posts\/919465","targetHints":{"allow":["GET"]}}],"collection":[{"href":"https:\/\/www.albinfo.at\/fr\/wp-json\/wp\/v2\/posts"}],"about":[{"href":"https:\/\/www.albinfo.at\/fr\/wp-json\/wp\/v2\/types\/post"}],"author":[{"embeddable":true,"href":"https:\/\/www.albinfo.at\/fr\/wp-json\/wp\/v2\/users\/31"}],"replies":[{"embeddable":true,"href":"https:\/\/www.albinfo.at\/fr\/wp-json\/wp\/v2\/comments?post=919465"}],"version-history":[{"count":2,"href":"https:\/\/www.albinfo.at\/fr\/wp-json\/wp\/v2\/posts\/919465\/revisions"}],"predecessor-version":[{"id":919469,"href":"https:\/\/www.albinfo.at\/fr\/wp-json\/wp\/v2\/posts\/919465\/revisions\/919469"}],"wp:featuredmedia":[{"embeddable":true,"href":"https:\/\/www.albinfo.at\/fr\/wp-json\/wp\/v2\/media\/919295"}],"wp:attachment":[{"href":"https:\/\/www.albinfo.at\/fr\/wp-json\/wp\/v2\/media?parent=919465"}],"wp:term":[{"taxonomy":"category","embeddable":true,"href":"https:\/\/www.albinfo.at\/fr\/wp-json\/wp\/v2\/categories?post=919465"},{"taxonomy":"post_tag","embeddable":true,"href":"https:\/\/www.albinfo.at\/fr\/wp-json\/wp\/v2\/tags?post=919465"},{"taxonomy":"vendi","embeddable":true,"href":"https:\/\/www.albinfo.at\/fr\/wp-json\/wp\/v2\/vendi?post=919465"},{"taxonomy":"content_country","embeddable":true,"href":"https:\/\/www.albinfo.at\/fr\/wp-json\/wp\/v2\/content_country?post=919465"}],"curies":[{"name":"wp","href":"https:\/\/api.w.org\/{rel}","templated":true}]}}