{"id":919454,"date":"2026-04-29T11:10:41","date_gmt":"2026-04-29T09:10:41","guid":{"rendered":"https:\/\/www.albinfo.ch\/festivali-i-filmit-shqiptar-fly-like-an-eagle-mbahet-ne-berlin-nga-7-deri-me-13-maj-2026\/"},"modified":"2026-04-29T22:45:34","modified_gmt":"2026-04-29T20:45:34","slug":"festivali-i-filmit-shqiptar-fly-like-an-eagle-mbahet-ne-berlin-nga-7-deri-me-13-maj-2026","status":"publish","type":"post","link":"https:\/\/www.albinfo.at\/fr\/festivali-i-filmit-shqiptar-fly-like-an-eagle-mbahet-ne-berlin-nga-7-deri-me-13-maj-2026\/","title":{"rendered":"Le Festival du film albanais &#8220;Fly Like an Eagle&#8221; se tient \u00e0 Berlin du 7 au 13 mai 2026"},"content":{"rendered":"<p data-start=\"0\" data-end=\"235\">Le Festival du film albanais &#8220;Fly Like an Eagle&#8221; se tiendra \u00e0 Berlin du 7 au 13 mai 2026 dans les locaux du cin\u00e9ma prestigieux et historique Kino Babylon, situ\u00e9 Rosa Luxemburg Stra\u00dfe 30, 10178 Berlin, rapporte albinfo.ch.<\/p>\n<p data-start=\"237\" data-end=\"354\">L\u2019ouverture officielle du festival aura lieu le 7 mai \u00e0 partir de 19:30, avec la projection du film &#8220;Vdekja e Kalit&#8221;.<\/p>\n<p data-start=\"356\" data-end=\"697\">L\u2019invit\u00e9 sp\u00e9cial de la soir\u00e9e d\u2019ouverture sera l\u2019acteur reconnu Timo Flloko, l\u2019une des figures les plus importantes du cin\u00e9ma albanais. Apr\u00e8s la projection, une discussion ouverte avec le public sera organis\u00e9e, au cours de laquelle Flloko partagera son exp\u00e9rience artistique, tandis que l\u2019\u00e9change sera mod\u00e9r\u00e9 par la r\u00e9alisatrice Odeta \u00c7unaj.<\/p>\n<p data-start=\"699\" data-end=\"873\">Les billets pour la soir\u00e9e d\u2019ouverture sont disponibles en ligne, tandis que d\u2019autres informations sur le festival peuvent \u00eatre trouv\u00e9es sur le site officiel du Kino Babylon.<\/p>\n<p data-start=\"875\" data-end=\"1021\">Les organisateurs ont annonc\u00e9 que le programme complet du festival sera publi\u00e9 prochainement, et que la programmation est assur\u00e9e par Elson Zguri.<\/p>\n<p data-start=\"1023\" data-end=\"1244\">Ce festival vise \u00e0 pr\u00e9senter une s\u00e9lection de films refl\u00e9tant la richesse et l\u2019\u00e9volution de la cin\u00e9matographie albanaise, en cr\u00e9ant un dialogue important entre le patrimoine cin\u00e9matographique et la cr\u00e9ation contemporaine.<\/p>\n<p data-start=\"1246\" data-end=\"1463\">Le festival est organis\u00e9 avec le soutien de l\u2019Ambassade d\u2019Albanie \u00e0 Berlin, du minist\u00e8re du Tourisme, de la Culture et du Sport de l\u2019Albanie, du Centre national de la cin\u00e9matographie et des Archives centrales du film.<\/p>\n<p data-start=\"1465\" data-end=\"1586\">Les organisateurs invitent le public \u00e0 participer \u00e0 cette exp\u00e9rience culturelle et artistique unique au c\u0153ur de Berlin.<\/p>\n<p class=\"p1\">\/Albinfo.ch<\/p>\n","protected":false},"excerpt":{"rendered":"<p>Au cin\u00e9ma historique Babylon sera pr\u00e9sent\u00e9e une s\u00e9lection sp\u00e9ciale de films qui refl\u00e8tent l\u2019\u00e9volution de la cin\u00e9matographie albanaise au fil des ann\u00e9es<\/p>\n","protected":false},"author":31,"featured_media":919289,"comment_status":"closed","ping_status":"closed","sticky":false,"template":"","format":"standard","meta":{"footnotes":""},"categories":[24637,24666,24630,1163,1168],"tags":[],"vendi":[],"content_country":[31835,31838,31840],"class_list":["post-919454","post","type-post","status-publish","format-standard","has-post-thumbnail","hentry","category-nouvelles-fr-4","category-cinema","category-nouvelles","category-fr-e-diaspora","category-culture","content_country-austria-fr","content_country-germany-fr","content_country-zvicer-fr"],"acf":[],"_links":{"self":[{"href":"https:\/\/www.albinfo.at\/fr\/wp-json\/wp\/v2\/posts\/919454","targetHints":{"allow":["GET"]}}],"collection":[{"href":"https:\/\/www.albinfo.at\/fr\/wp-json\/wp\/v2\/posts"}],"about":[{"href":"https:\/\/www.albinfo.at\/fr\/wp-json\/wp\/v2\/types\/post"}],"author":[{"embeddable":true,"href":"https:\/\/www.albinfo.at\/fr\/wp-json\/wp\/v2\/users\/31"}],"replies":[{"embeddable":true,"href":"https:\/\/www.albinfo.at\/fr\/wp-json\/wp\/v2\/comments?post=919454"}],"version-history":[{"count":2,"href":"https:\/\/www.albinfo.at\/fr\/wp-json\/wp\/v2\/posts\/919454\/revisions"}],"predecessor-version":[{"id":919456,"href":"https:\/\/www.albinfo.at\/fr\/wp-json\/wp\/v2\/posts\/919454\/revisions\/919456"}],"wp:featuredmedia":[{"embeddable":true,"href":"https:\/\/www.albinfo.at\/fr\/wp-json\/wp\/v2\/media\/919289"}],"wp:attachment":[{"href":"https:\/\/www.albinfo.at\/fr\/wp-json\/wp\/v2\/media?parent=919454"}],"wp:term":[{"taxonomy":"category","embeddable":true,"href":"https:\/\/www.albinfo.at\/fr\/wp-json\/wp\/v2\/categories?post=919454"},{"taxonomy":"post_tag","embeddable":true,"href":"https:\/\/www.albinfo.at\/fr\/wp-json\/wp\/v2\/tags?post=919454"},{"taxonomy":"vendi","embeddable":true,"href":"https:\/\/www.albinfo.at\/fr\/wp-json\/wp\/v2\/vendi?post=919454"},{"taxonomy":"content_country","embeddable":true,"href":"https:\/\/www.albinfo.at\/fr\/wp-json\/wp\/v2\/content_country?post=919454"}],"curies":[{"name":"wp","href":"https:\/\/api.w.org\/{rel}","templated":true}]}}