{"id":919139,"date":"2026-04-28T17:04:28","date_gmt":"2026-04-28T15:04:28","guid":{"rendered":"https:\/\/www.albinfo.ch\/vjena-behet-gati-per-eurovision\/"},"modified":"2026-04-28T21:07:55","modified_gmt":"2026-04-28T19:07:55","slug":"vjena-behet-gati-per-eurovision","status":"publish","type":"post","link":"https:\/\/www.albinfo.at\/fr\/vjena-behet-gati-per-eurovision\/","title":{"rendered":"Vienne se pr\u00e9pare pour l\u2019Eurovision"},"content":{"rendered":"<p data-start=\"0\" data-end=\"103\">Aujourd\u2019hui, la sc\u00e8ne du Festival de la chanson Eurovision de cette ann\u00e9e a \u00e9t\u00e9 d\u00e9voil\u00e9e.<\/p>\n<p data-start=\"105\" data-end=\"235\">Le compte officiel de l\u2019ESC sur Instagram a publi\u00e9 une image de la sc\u00e8ne, du spectacle de lumi\u00e8res et de l\u2019acoustique de la salle.<\/p>\n<p data-start=\"237\" data-end=\"402\">&#8220;Vienne est pr\u00eate, et nous le sommes aussi&#8221;, indique la publication. Le design de la sc\u00e8ne a \u00e9t\u00e9 cr\u00e9\u00e9 par le c\u00e9l\u00e8bre sc\u00e9nographe Florian Wieder, rapporte albinfo.ch.<\/p>\n<p data-start=\"404\" data-end=\"483\">Cette ann\u00e9e, le Festival de la chanson Eurovision c\u00e9l\u00e8bre son 70e anniversaire.<\/p>\n<p data-start=\"485\" data-end=\"580\">Dans le cadre des c\u00e9l\u00e9brations, les diffuseurs europ\u00e9ens se souviennent des \u00e9ditions pass\u00e9es.<\/p>\n<p><a href=\"https:\/\/www.instagram.com\/orf\/?utm_source=ig_embed&amp;ig_rid=aafc4be1-0ee9-4276-afdb-f730ddc2ee3d\">https:\/\/www.instagram.com\/orf\/?utm_source=ig_embed&amp;ig_rid=aafc4be1-0ee9-4276-afdb-f730ddc2ee3d<\/a><\/p>\n<p>&nbsp;<\/p>\n<p>&nbsp;<\/p>\n","protected":false},"excerpt":{"rendered":"<p>Aujourd\u2019hui, la sc\u00e8ne du Festival de la chanson Eurovision de cette ann\u00e9e a \u00e9t\u00e9 d\u00e9voil\u00e9e. Le compte officiel de l\u2019ESC sur Instagram a publi\u00e9 une image de la sc\u00e8ne, du spectacle de lumi\u00e8res et de l\u2019acoustique de la salle. &#8220;Vienne est pr\u00eate, et nous le sommes aussi&#8221;, indique la publication. Le design de la sc\u00e8ne [&hellip;]<\/p>\n","protected":false},"author":14,"featured_media":919031,"comment_status":"closed","ping_status":"closed","sticky":false,"template":"","format":"standard","meta":{"footnotes":""},"categories":[34913,24633],"tags":[],"vendi":[],"content_country":[31835,31838,31840],"class_list":["post-919139","post","type-post","status-publish","format-standard","has-post-thumbnail","hentry","category-la-vie-en-autriche","category-nouvelles-fr-2","content_country-austria-fr","content_country-germany-fr","content_country-zvicer-fr"],"acf":[],"_links":{"self":[{"href":"https:\/\/www.albinfo.at\/fr\/wp-json\/wp\/v2\/posts\/919139","targetHints":{"allow":["GET"]}}],"collection":[{"href":"https:\/\/www.albinfo.at\/fr\/wp-json\/wp\/v2\/posts"}],"about":[{"href":"https:\/\/www.albinfo.at\/fr\/wp-json\/wp\/v2\/types\/post"}],"author":[{"embeddable":true,"href":"https:\/\/www.albinfo.at\/fr\/wp-json\/wp\/v2\/users\/14"}],"replies":[{"embeddable":true,"href":"https:\/\/www.albinfo.at\/fr\/wp-json\/wp\/v2\/comments?post=919139"}],"version-history":[{"count":2,"href":"https:\/\/www.albinfo.at\/fr\/wp-json\/wp\/v2\/posts\/919139\/revisions"}],"predecessor-version":[{"id":919141,"href":"https:\/\/www.albinfo.at\/fr\/wp-json\/wp\/v2\/posts\/919139\/revisions\/919141"}],"wp:featuredmedia":[{"embeddable":true,"href":"https:\/\/www.albinfo.at\/fr\/wp-json\/wp\/v2\/media\/919031"}],"wp:attachment":[{"href":"https:\/\/www.albinfo.at\/fr\/wp-json\/wp\/v2\/media?parent=919139"}],"wp:term":[{"taxonomy":"category","embeddable":true,"href":"https:\/\/www.albinfo.at\/fr\/wp-json\/wp\/v2\/categories?post=919139"},{"taxonomy":"post_tag","embeddable":true,"href":"https:\/\/www.albinfo.at\/fr\/wp-json\/wp\/v2\/tags?post=919139"},{"taxonomy":"vendi","embeddable":true,"href":"https:\/\/www.albinfo.at\/fr\/wp-json\/wp\/v2\/vendi?post=919139"},{"taxonomy":"content_country","embeddable":true,"href":"https:\/\/www.albinfo.at\/fr\/wp-json\/wp\/v2\/content_country?post=919139"}],"curies":[{"name":"wp","href":"https:\/\/api.w.org\/{rel}","templated":true}]}}