{"id":919116,"date":"2026-04-28T14:25:50","date_gmt":"2026-04-28T12:25:50","guid":{"rendered":"https:\/\/www.albinfo.ch\/918966\/"},"modified":"2026-04-28T20:43:42","modified_gmt":"2026-04-28T18:43:42","slug":"918966","status":"publish","type":"post","link":"https:\/\/www.albinfo.at\/fr\/918966\/","title":{"rendered":"Besfort Bilalli avec Lumvin remporte des prix prestigieux en Suisse, une innovation qui \u00e9conomise l\u2019\u00e9nergie et le CO\u2082"},"content":{"rendered":"<p data-start=\"0\" data-end=\"329\">\u00c0 une \u00e9poque o\u00f9 la durabilit\u00e9 et l\u2019efficacit\u00e9 \u00e9nerg\u00e9tique sont devenues essentielles pour le d\u00e9veloppement \u00e9conomique, l\u2019entreprise suisse <a href=\"https:\/\/www.lumvin.ch\/\">Lumvin<\/a>, cofond\u00e9e par Besfort Bilalli, propose une approche diff\u00e9rente dans l\u2019industrie de l\u2019\u00e9clairage, en d\u00e9montrant que l\u2019innovation ne signifie pas toujours repartir de z\u00e9ro.<\/p>\n<p data-start=\"331\" data-end=\"798\">Sp\u00e9cialis\u00e9e dans la technologie de l\u2019\u00e9clairage et le secteur clean tech, <a href=\"https:\/\/www.lumvin.ch\/\">Lumvin<\/a> se concentre sur la modernisation des syst\u00e8mes d\u2019\u00e9clairage existants en les transformant en solutions LED modernes. Au lieu de remplacer enti\u00e8rement les installations, l\u2019entreprise privil\u00e9gie souvent leur r\u00e9utilisation et leur adaptation avec des technologies nouvelles, permettant d\u2019\u00e9conomiser de l\u2019\u00e9nergie, de r\u00e9duire les \u00e9missions de CO\u2082 et de diminuer consid\u00e9rablement les d\u00e9chets.<\/p>\n<h3 data-section-id=\"67fiah\" data-start=\"812\" data-end=\"854\"><a href=\"https:\/\/www.albinfo.ch\/wp-content\/uploads\/2026\/04\/besfort-billali-4.jpg\"><img loading=\"lazy\" decoding=\"async\" class=\"alignnone wp-image-918979\" src=\"https:\/\/www.albinfo.ch\/wp-content\/uploads\/2026\/04\/besfort-billali-4-1024x682.jpg\" alt=\"\" width=\"601\" height=\"400\" srcset=\"https:\/\/www.albinfo.at\/wp-content\/uploads\/2026\/04\/besfort-billali-4-1024x682.jpg 1024w, https:\/\/www.albinfo.at\/wp-content\/uploads\/2026\/04\/besfort-billali-4-300x200.jpg 300w, https:\/\/www.albinfo.at\/wp-content\/uploads\/2026\/04\/besfort-billali-4-768x512.jpg 768w, https:\/\/www.albinfo.at\/wp-content\/uploads\/2026\/04\/besfort-billali-4-586x389.jpg 586w, https:\/\/www.albinfo.at\/wp-content\/uploads\/2026\/04\/besfort-billali-4-210x141.jpg 210w, https:\/\/www.albinfo.at\/wp-content\/uploads\/2026\/04\/besfort-billali-4-587x391.jpg 587w, https:\/\/www.albinfo.at\/wp-content\/uploads\/2026\/04\/besfort-billali-4-150x100.jpg 150w, https:\/\/www.albinfo.at\/wp-content\/uploads\/2026\/04\/besfort-billali-4-263x175.jpg 263w, https:\/\/www.albinfo.at\/wp-content\/uploads\/2026\/04\/besfort-billali-4.jpg 1066w\" sizes=\"auto, (max-width: 601px) 100vw, 601px\" \/><\/a><\/h3>\n<p data-start=\"0\" data-end=\"68\"><strong>Une durabilit\u00e9 qui commence au niveau de la communaut\u00e9<\/strong><\/p>\n<p data-start=\"70\" data-end=\"350\">Un \u00e9l\u00e9ment cl\u00e9 de la philosophie de Lumvin est la production locale en Suisse. L\u2019entreprise collabore avec des jeunes en formation professionnelle, en les int\u00e9grant dans des processus de travail concrets et en contribuant \u00e0 la cr\u00e9ation d\u2019une nouvelle g\u00e9n\u00e9ration de professionnels.<\/p>\n<p data-start=\"352\" data-end=\"516\">Pour Lumvin, la durabilit\u00e9 ne concerne pas seulement la technologie, mais aussi la responsabilit\u00e9 sociale, cr\u00e9er de la valeur sur place et investir dans l\u2019avenir.<\/p>\n<h3 data-section-id=\"1ow78wc\" data-start=\"1246\" data-end=\"1275\"><a href=\"https:\/\/www.albinfo.ch\/wp-content\/uploads\/2026\/04\/besfort-billalli-3.jpeg\"><img loading=\"lazy\" decoding=\"async\" class=\"alignnone wp-image-918970\" src=\"https:\/\/www.albinfo.ch\/wp-content\/uploads\/2026\/04\/besfort-billalli-3-1024x682.jpeg\" alt=\"\" width=\"600\" height=\"400\" srcset=\"https:\/\/www.albinfo.at\/wp-content\/uploads\/2026\/04\/besfort-billalli-3-1024x682.jpeg 1024w, https:\/\/www.albinfo.at\/wp-content\/uploads\/2026\/04\/besfort-billalli-3-300x200.jpeg 300w, https:\/\/www.albinfo.at\/wp-content\/uploads\/2026\/04\/besfort-billalli-3-768x512.jpeg 768w, https:\/\/www.albinfo.at\/wp-content\/uploads\/2026\/04\/besfort-billalli-3-1536x1023.jpeg 1536w, https:\/\/www.albinfo.at\/wp-content\/uploads\/2026\/04\/besfort-billalli-3-210x141.jpeg 210w, https:\/\/www.albinfo.at\/wp-content\/uploads\/2026\/04\/besfort-billalli-3-587x391.jpeg 587w, https:\/\/www.albinfo.at\/wp-content\/uploads\/2026\/04\/besfort-billalli-3-150x100.jpeg 150w, https:\/\/www.albinfo.at\/wp-content\/uploads\/2026\/04\/besfort-billalli-3-263x175.jpeg 263w, https:\/\/www.albinfo.at\/wp-content\/uploads\/2026\/04\/besfort-billalli-3.jpeg 1600w\" sizes=\"auto, (max-width: 600px) 100vw, 600px\" \/><\/a><\/h3>\n<p data-start=\"0\" data-end=\"47\"><strong>Des prix qui confirment le succ\u00e8s<\/strong><\/p>\n<p data-start=\"49\" data-end=\"282\">Le travail et la vision de l\u2019entreprise ont \u00e9t\u00e9 largement reconnus au niveau national. En 2025, Lumvin a \u00e9t\u00e9 r\u00e9compens\u00e9e lors du Swiss Economic Forum \u00e0 Interlaken, l\u2019un des \u00e9v\u00e9nements les plus prestigieux pour les start up en Suisse.<\/p>\n<p data-start=\"284\" data-end=\"458\">Un an plus tard, en 2026, l\u2019entreprise a \u00e9galement re\u00e7u le prix Leuchtturmpreis dans le cadre de l\u2019Aargauer Unternehmenspreis pour son projet \u00e0 la Berufsschule de Lenzburg.<\/p>\n<p><iframe loading=\"lazy\" title=\"Lumvin | Sieger in der Kategorie &quot;Leuchtturmpreis&quot; | Aargauer Unternehmenspreis 2026\" width=\"587\" height=\"330\" src=\"https:\/\/www.youtube.com\/embed\/RwFLXCjPzAY?feature=oembed\" frameborder=\"0\" allow=\"accelerometer; autoplay; clipboard-write; encrypted-media; gyroscope; picture-in-picture; web-share\" referrerpolicy=\"strict-origin-when-cross-origin\" allowfullscreen><\/iframe><\/p>\n<p>Ces distinctions ne sont pas seulement symboliques, mais une confirmation claire que le mod\u00e8le de Lumvin, qui combine innovation et durabilit\u00e9, trouve un \u00e9cho et un soutien en Suisse<\/p>\n<h3 data-section-id=\"15aclk7\" data-start=\"1872\" data-end=\"1915\"><a href=\"https:\/\/www.albinfo.ch\/wp-content\/uploads\/2026\/04\/besfrot-bilalli-2.jpeg\"><img loading=\"lazy\" decoding=\"async\" class=\"alignnone wp-image-918974\" src=\"https:\/\/www.albinfo.ch\/wp-content\/uploads\/2026\/04\/besfrot-bilalli-2-1024x682.jpeg\" alt=\"\" width=\"600\" height=\"400\" srcset=\"https:\/\/www.albinfo.at\/wp-content\/uploads\/2026\/04\/besfrot-bilalli-2-1024x682.jpeg 1024w, https:\/\/www.albinfo.at\/wp-content\/uploads\/2026\/04\/besfrot-bilalli-2-300x200.jpeg 300w, https:\/\/www.albinfo.at\/wp-content\/uploads\/2026\/04\/besfrot-bilalli-2-768x512.jpeg 768w, https:\/\/www.albinfo.at\/wp-content\/uploads\/2026\/04\/besfrot-bilalli-2-1536x1023.jpeg 1536w, https:\/\/www.albinfo.at\/wp-content\/uploads\/2026\/04\/besfrot-bilalli-2-210x141.jpeg 210w, https:\/\/www.albinfo.at\/wp-content\/uploads\/2026\/04\/besfrot-bilalli-2-587x391.jpeg 587w, https:\/\/www.albinfo.at\/wp-content\/uploads\/2026\/04\/besfrot-bilalli-2-150x100.jpeg 150w, https:\/\/www.albinfo.at\/wp-content\/uploads\/2026\/04\/besfrot-bilalli-2-263x175.jpeg 263w, https:\/\/www.albinfo.at\/wp-content\/uploads\/2026\/04\/besfrot-bilalli-2.jpeg 1600w\" sizes=\"auto, (max-width: 600px) 100vw, 600px\" \/><\/a><\/h3>\n<p data-start=\"0\" data-end=\"59\"><strong>Une histoire de succ\u00e8s aux racines albanaises<\/strong><\/p>\n<p data-start=\"61\" data-end=\"335\">Pour Besfort Bilalli, ce parcours a une signification particuli\u00e8re. En tant qu\u2019entrepreneur d\u2019origine albanaise, il consid\u00e8re le succ\u00e8s de Lumvin comme une preuve que la communaut\u00e9 albanaise en Suisse peut apporter une contribution importante \u00e0 l\u2019\u00e9conomie et \u00e0 l\u2019innovation.<\/p>\n<p data-start=\"337\" data-end=\"516\">&#8220;Avec du travail, de la discipline et les bonnes personnes autour de soi, on peut accomplir beaucoup&#8221; est la philosophie qui se refl\u00e8te dans son parcours et celui de l\u2019entreprise.<\/p>\n<p data-start=\"518\" data-end=\"690\">Malgr\u00e9 les succ\u00e8s obtenus jusqu\u2019\u00e0 pr\u00e9sent, Lumvin ne consid\u00e8re pas cela comme un point final. Au contraire, les distinctions servent de motivation pour de nouvelles \u00e9tapes.<\/p>\n<p data-start=\"692\" data-end=\"867\">L\u2019objectif reste clair, contribuer \u00e0 rendre les b\u00e2timents, les entreprises et les institutions en Suisse plus efficaces, plus durables et mieux pr\u00e9par\u00e9s aux d\u00e9fis de l\u2019avenir.<\/p>\n<p data-start=\"869\" data-end=\"880\">lire aussi:<\/p>\n<blockquote class=\"wp-embedded-content\" data-secret=\"N9p9Y9eDQC\"><p><a href=\"https:\/\/www.albinfo.ch\/shqiptaro-zviceranet-dominojne-ne-mbremjen-ekskluzive-te-sbn-ne-cyrih\/\">Shqiptaro-zviceran\u00ebt dominojn\u00eb n\u00eb mbr\u00ebmjen ekskluzive t\u00eb SBN n\u00eb Cyrih<\/a><\/p><\/blockquote>\n<p><iframe loading=\"lazy\" class=\"wp-embedded-content\" sandbox=\"allow-scripts\" security=\"restricted\" style=\"position: absolute; visibility: hidden;\" title=\"&#8220;Shqiptaro-zviceran\u00ebt dominojn\u00eb n\u00eb mbr\u00ebmjen ekskluzive t\u00eb SBN n\u00eb Cyrih&#8221; &#8212; Albinfo\" src=\"https:\/\/www.albinfo.ch\/shqiptaro-zviceranet-dominojne-ne-mbremjen-ekskluzive-te-sbn-ne-cyrih\/embed\/#?secret=13FaOLLsIJ#?secret=N9p9Y9eDQC\" data-secret=\"N9p9Y9eDQC\" width=\"587\" height=\"331\" frameborder=\"0\" marginwidth=\"0\" marginheight=\"0\" scrolling=\"no\"><\/iframe><\/p>\n","protected":false},"excerpt":{"rendered":"<p>\u00c0 une \u00e9poque o\u00f9 la durabilit\u00e9 et l\u2019efficacit\u00e9 \u00e9nerg\u00e9tique sont devenues essentielles pour le d\u00e9veloppement \u00e9conomique, l\u2019entreprise suisse Lumvin, cofond\u00e9e par Besfort Bilalli, propose une approche diff\u00e9rente dans l\u2019industrie de l\u2019\u00e9clairage, en d\u00e9montrant que l\u2019innovation ne signifie pas toujours repartir de z\u00e9ro. Sp\u00e9cialis\u00e9e dans la technologie de l\u2019\u00e9clairage et le secteur clean tech, Lumvin se [&hellip;]<\/p>\n","protected":false},"author":6,"featured_media":918968,"comment_status":"closed","ping_status":"closed","sticky":false,"template":"","format":"standard","meta":{"footnotes":""},"categories":[34916,34921,3980,24637,1164,3979,24692,24696,1163,1170,1411,2014],"tags":[],"vendi":[],"content_country":[],"class_list":["post-919116","post","type-post","status-publish","format-standard","has-post-thumbnail","hentry","category-marketing-jeta-ne-zvicer-fr","category-les-batisseurs-de-la-suisse","category-portrait-des-entreprises","category-nouvelles-fr-4","category-integration-fr","category-entreprises-cat","category-curiosites","category-autotech-fr","category-fr-e-diaspora","category-vivre-en-suisse","category-newsletter-fr","category-newsletter-media-fr"],"acf":[],"_links":{"self":[{"href":"https:\/\/www.albinfo.at\/fr\/wp-json\/wp\/v2\/posts\/919116","targetHints":{"allow":["GET"]}}],"collection":[{"href":"https:\/\/www.albinfo.at\/fr\/wp-json\/wp\/v2\/posts"}],"about":[{"href":"https:\/\/www.albinfo.at\/fr\/wp-json\/wp\/v2\/types\/post"}],"author":[{"embeddable":true,"href":"https:\/\/www.albinfo.at\/fr\/wp-json\/wp\/v2\/users\/6"}],"replies":[{"embeddable":true,"href":"https:\/\/www.albinfo.at\/fr\/wp-json\/wp\/v2\/comments?post=919116"}],"version-history":[{"count":2,"href":"https:\/\/www.albinfo.at\/fr\/wp-json\/wp\/v2\/posts\/919116\/revisions"}],"predecessor-version":[{"id":919118,"href":"https:\/\/www.albinfo.at\/fr\/wp-json\/wp\/v2\/posts\/919116\/revisions\/919118"}],"wp:featuredmedia":[{"embeddable":true,"href":"https:\/\/www.albinfo.at\/fr\/wp-json\/wp\/v2\/media\/918968"}],"wp:attachment":[{"href":"https:\/\/www.albinfo.at\/fr\/wp-json\/wp\/v2\/media?parent=919116"}],"wp:term":[{"taxonomy":"category","embeddable":true,"href":"https:\/\/www.albinfo.at\/fr\/wp-json\/wp\/v2\/categories?post=919116"},{"taxonomy":"post_tag","embeddable":true,"href":"https:\/\/www.albinfo.at\/fr\/wp-json\/wp\/v2\/tags?post=919116"},{"taxonomy":"vendi","embeddable":true,"href":"https:\/\/www.albinfo.at\/fr\/wp-json\/wp\/v2\/vendi?post=919116"},{"taxonomy":"content_country","embeddable":true,"href":"https:\/\/www.albinfo.at\/fr\/wp-json\/wp\/v2\/content_country?post=919116"}],"curies":[{"name":"wp","href":"https:\/\/api.w.org\/{rel}","templated":true}]}}