{"id":919107,"date":"2026-04-28T13:20:35","date_gmt":"2026-04-28T11:20:35","guid":{"rendered":"https:\/\/www.albinfo.ch\/bashkepunimi-nga-diaspora-shqiptare-ne-zvicer-forcon-kujdesin-mjekesor-ne-viti-dhe-gjilan\/"},"modified":"2026-04-28T20:30:30","modified_gmt":"2026-04-28T18:30:30","slug":"bashkepunimi-nga-diaspora-shqiptare-ne-zvicer-forcon-kujdesin-mjekesor-ne-viti-dhe-gjilan","status":"publish","type":"post","link":"https:\/\/www.albinfo.at\/fr\/bashkepunimi-nga-diaspora-shqiptare-ne-zvicer-forcon-kujdesin-mjekesor-ne-viti-dhe-gjilan\/","title":{"rendered":"La coop\u00e9ration de la diaspora albanaise en Suisse renforce les soins de sant\u00e9 \u00e0 Viti et Gjilan"},"content":{"rendered":"<p data-start=\"0\" data-end=\"379\">Le Centre principal de m\u00e9decine familiale \u00e0 Viti et l\u2019H\u00f4pital g\u00e9n\u00e9ral de Gjilan ont re\u00e7u un don important visant \u00e0 am\u00e9liorer les services de sant\u00e9 et \u00e0 renforcer la qualit\u00e9 du traitement des patients. Ce don a \u00e9t\u00e9 rendu possible gr\u00e2ce \u00e0 la coop\u00e9ration avec l\u2019association &#8220;Zentrum Parandalo&#8221; et la mosqu\u00e9e &#8220;Maison de la Paix&#8221; \u00e0 Zurich en Suisse, rapporte albinfo.ch.<\/p>\n<p data-start=\"381\" data-end=\"824\">Au Centre de m\u00e9decine familiale de Viti, ce don aura un impact direct sur les services d\u2019urgence primaire. Il comprend 20 brancards pour patients bless\u00e9s, qui seront utilis\u00e9s au centre de Pozheran et dans les ambulances. Ces \u00e9quipements devraient faciliter le travail du personnel m\u00e9dical et am\u00e9liorer la s\u00e9curit\u00e9 et l\u2019efficacit\u00e9 lors de la prise en charge des cas d\u2019urgence, en particulier dans les situations de traumatisme et d\u2019accidents.<\/p>\n<p><img loading=\"lazy\" decoding=\"async\" class=\"\" src=\"https:\/\/scontent.fprn10-1.fna.fbcdn.net\/v\/t39.30808-6\/679547314_1378298544326253_4452757001041823949_n.jpg?_nc_cat=108&amp;ccb=1-7&amp;_nc_sid=7b2446&amp;_nc_ohc=D0HVPIaHSlEQ7kNvwEK9o36&amp;_nc_oc=Adpi3CaboWSMeJWeto3MJxxwtawsRwpdH-Tc3KdyueC0Nks4jWoOOv4S9RJWCezvHqQ&amp;_nc_zt=23&amp;_nc_ht=scontent.fprn10-1.fna&amp;_nc_gid=BsAL9iip3HIUsTr4B9jFlg&amp;_nc_ss=7b2a8&amp;oh=00_Af3bVszh51xXIZ2vUtZO7VfStCyVqB_6Yb0LE1gRda9GDQ&amp;oe=69F655EB\" alt=\"Mund t\u00eb jet\u00eb nj\u00eb imazh i spital\" width=\"500\" height=\"378\" \/><\/p>\n<p data-start=\"0\" data-end=\"552\">La directrice du Centre de m\u00e9decine familiale \u00e0 Viti, la docteure Vjollca Kadolli Halili, a exprim\u00e9 une profonde reconnaissance envers les donateurs, saluant leur contribution \u00e0 l\u2019am\u00e9lioration des services de sant\u00e9 dans la commune. En signe de gratitude, elle a remis des reconnaissances institutionnelles \u00e0 l\u2019association &#8220;Parandalo&#8221; et \u00e0 la mosqu\u00e9e &#8220;Maison de la Paix&#8221;. Elle a \u00e9galement soulign\u00e9 que la coop\u00e9ration avec ces organisations s\u2019est poursuivie dans le pass\u00e9 \u00e0 travers des activit\u00e9s de sensibilisation au sein de la communaut\u00e9.<\/p>\n<p data-start=\"554\" data-end=\"826\">Par ailleurs, l\u2019H\u00f4pital g\u00e9n\u00e9ral de Gjilan a lui aussi b\u00e9n\u00e9fici\u00e9 de ce don. Le directeur de l\u2019h\u00f4pital, le docteur Afrim Cana, a remerci\u00e9 les donateurs de Zurich, en soulignant que leur soutien aura un impact direct sur l\u2019am\u00e9lioration des services et des soins aux patients.<\/p>\n<p data-start=\"828\" data-end=\"1050\">Cette contribution de la diaspora albanaise en Suisse est consid\u00e9r\u00e9e comme une aide importante pour le syst\u00e8me de sant\u00e9 au Kosovo, visant \u00e0 offrir des soins plus efficaces, plus s\u00fbrs et de meilleure qualit\u00e9 aux citoyens.\/Albinfo.ch<\/p>\n<p><img loading=\"lazy\" decoding=\"async\" class=\"\" src=\"https:\/\/scontent.fprn10-1.fna.fbcdn.net\/v\/t39.30808-6\/679868096_1378298577659583_1607567085557036292_n.jpg?_nc_cat=102&amp;ccb=1-7&amp;_nc_sid=7b2446&amp;_nc_ohc=SMrdsdxHRcsQ7kNvwGktvAV&amp;_nc_oc=AdqPRwPc-g_00iB5Pkkk-X8EBannp34H5aITLD7iIyZymy6pQmjclLlJ0mswLvkWO_g&amp;_nc_zt=23&amp;_nc_ht=scontent.fprn10-1.fna&amp;_nc_gid=St0RDzrsHC19_TxPpZky6w&amp;_nc_ss=7b2a8&amp;oh=00_Af2cryOgNH31JNaarQ1Noc_pYuWFyEeXm_2Rd00e_ynVVA&amp;oe=69F66ED5\" alt=\"Mund t\u00eb jet\u00eb nj\u00eb imazh i teksti\" width=\"500\" height=\"231\" \/><\/p>\n","protected":false},"excerpt":{"rendered":"<p>La coop\u00e9ration de la diaspora albanaise en Suisse renforce les soins de sant\u00e9 au Kosovo<\/p>\n","protected":false},"author":31,"featured_media":918951,"comment_status":"closed","ping_status":"closed","sticky":false,"template":"","format":"standard","meta":{"footnotes":""},"categories":[23271,24637,3949,23270,24630,24672,1159,1163],"tags":[],"vendi":[],"content_country":[31835,31838,31840],"class_list":["post-919107","post","type-post","status-publish","format-standard","has-post-thumbnail","hentry","category-kosovo","category-nouvelles-fr-4","category-kosova-fr","category-at-balkani-fr","category-nouvelles","category-sante-fr-2","category-ch-balkans","category-fr-e-diaspora","content_country-austria-fr","content_country-germany-fr","content_country-zvicer-fr"],"acf":[],"_links":{"self":[{"href":"https:\/\/www.albinfo.at\/fr\/wp-json\/wp\/v2\/posts\/919107","targetHints":{"allow":["GET"]}}],"collection":[{"href":"https:\/\/www.albinfo.at\/fr\/wp-json\/wp\/v2\/posts"}],"about":[{"href":"https:\/\/www.albinfo.at\/fr\/wp-json\/wp\/v2\/types\/post"}],"author":[{"embeddable":true,"href":"https:\/\/www.albinfo.at\/fr\/wp-json\/wp\/v2\/users\/31"}],"replies":[{"embeddable":true,"href":"https:\/\/www.albinfo.at\/fr\/wp-json\/wp\/v2\/comments?post=919107"}],"version-history":[{"count":2,"href":"https:\/\/www.albinfo.at\/fr\/wp-json\/wp\/v2\/posts\/919107\/revisions"}],"predecessor-version":[{"id":919109,"href":"https:\/\/www.albinfo.at\/fr\/wp-json\/wp\/v2\/posts\/919107\/revisions\/919109"}],"wp:featuredmedia":[{"embeddable":true,"href":"https:\/\/www.albinfo.at\/fr\/wp-json\/wp\/v2\/media\/918951"}],"wp:attachment":[{"href":"https:\/\/www.albinfo.at\/fr\/wp-json\/wp\/v2\/media?parent=919107"}],"wp:term":[{"taxonomy":"category","embeddable":true,"href":"https:\/\/www.albinfo.at\/fr\/wp-json\/wp\/v2\/categories?post=919107"},{"taxonomy":"post_tag","embeddable":true,"href":"https:\/\/www.albinfo.at\/fr\/wp-json\/wp\/v2\/tags?post=919107"},{"taxonomy":"vendi","embeddable":true,"href":"https:\/\/www.albinfo.at\/fr\/wp-json\/wp\/v2\/vendi?post=919107"},{"taxonomy":"content_country","embeddable":true,"href":"https:\/\/www.albinfo.at\/fr\/wp-json\/wp\/v2\/content_country?post=919107"}],"curies":[{"name":"wp","href":"https:\/\/api.w.org\/{rel}","templated":true}]}}