{"id":919093,"date":"2026-04-28T12:10:54","date_gmt":"2026-04-28T10:10:54","guid":{"rendered":"https:\/\/www.albinfo.ch\/sparen-sie-jetzt-bis-zu-70-bei-medizinischen-behandlungen-in-der-tuerkei\/"},"modified":"2026-04-28T20:24:46","modified_gmt":"2026-04-28T18:24:46","slug":"sparen-sie-jetzt-bis-zu-70-bei-medizinischen-behandlungen-in-der-tuerkei","status":"publish","type":"post","link":"https:\/\/www.albinfo.at\/fr\/sparen-sie-jetzt-bis-zu-70-bei-medizinischen-behandlungen-in-der-tuerkei\/","title":{"rendered":"\u00c9conomisez maintenant jusqu\u2019\u00e0 70% sur les traitements m\u00e9dicaux en Turquie"},"content":{"rendered":"<p>Compte tenu de la hausse des co\u00fbts des soins de sant\u00e9 et des longs d\u00e9lais d\u2019attente en Europe, de plus en plus de patients choisissent de se faire soigner \u00e0 l\u2019\u00e9tranger. La Turquie en particulier est devenue ces derni\u00e8res ann\u00e9es une destination attrayante pour des services m\u00e9dicaux de qualit\u00e9 \u00e0 des co\u00fbts plus abordables.<\/p>\n<p><a href=\"https:\/\/www.albinfo.ch\/wp-content\/uploads\/2026\/04\/medical-3.jpeg\"><img loading=\"lazy\" decoding=\"async\" class=\"alignnone wp-image-918901\" src=\"https:\/\/www.albinfo.ch\/wp-content\/uploads\/2026\/04\/medical-3-1024x683.jpeg\" alt=\"\" width=\"600\" height=\"400\" srcset=\"https:\/\/www.albinfo.at\/wp-content\/uploads\/2026\/04\/medical-3-1024x683.jpeg 1024w, https:\/\/www.albinfo.at\/wp-content\/uploads\/2026\/04\/medical-3-300x200.jpeg 300w, https:\/\/www.albinfo.at\/wp-content\/uploads\/2026\/04\/medical-3-768x512.jpeg 768w, https:\/\/www.albinfo.at\/wp-content\/uploads\/2026\/04\/medical-3-210x141.jpeg 210w, https:\/\/www.albinfo.at\/wp-content\/uploads\/2026\/04\/medical-3-587x391.jpeg 587w, https:\/\/www.albinfo.at\/wp-content\/uploads\/2026\/04\/medical-3-150x100.jpeg 150w, https:\/\/www.albinfo.at\/wp-content\/uploads\/2026\/04\/medical-3-263x175.jpeg 263w, https:\/\/www.albinfo.at\/wp-content\/uploads\/2026\/04\/medical-3.jpeg 1200w\" sizes=\"auto, (max-width: 600px) 100vw, 600px\" \/><\/a><\/p>\n<p data-start=\"0\" data-end=\"297\">L\u2019entreprise bas\u00e9e \u00e0 Berne, MedicalTravel, organise avec succ\u00e8s depuis 2006 des traitements dans des cliniques r\u00e9put\u00e9es en Turquie. Les services sont principalement propos\u00e9s dans des villes comme Istanbul, Izmir et Antalya, toutes reconnues pour leur infrastructure m\u00e9dicale moderne.<\/p>\n<p data-start=\"299\" data-end=\"353\"><strong>Un lien entre les patients et les meilleures cliniques<\/strong><\/p>\n<p data-start=\"355\" data-end=\"628\">MedicalTravel agit comme un pont entre les patients, les cliniques internationales et les m\u00e9decins sp\u00e9cialistes. L\u2019objectif est de rendre accessibles des traitements de qualit\u00e9, souvent \u00e0 des co\u00fbts nettement inf\u00e9rieurs et avec des d\u00e9lais d\u2019attente plus courts qu\u2019en Suisse.<\/p>\n<p data-start=\"630\" data-end=\"670\"><strong>La gamme de services comprend notamment:<\/strong><\/p>\n<p data-start=\"672\" data-end=\"943\">M\u00e9diation de traitements dans les principales cliniques en Turquie<br data-start=\"738\" data-end=\"741\" \/>Organisation des voyages, de l\u2019h\u00e9bergement et des transports<br data-start=\"801\" data-end=\"804\" \/>Soutien pour la documentation m\u00e9dicale et conseil personnalis\u00e9<br data-start=\"866\" data-end=\"869\" \/>Suivi et accompagnement en Suisse avant, pendant et apr\u00e8s l\u2019intervention<\/p>\n<p data-start=\"945\" data-end=\"1097\">L\u2019entreprise collabore exclusivement avec des cliniques partenaires certifi\u00e9es afin de garantir les normes les plus \u00e9lev\u00e9es de qualit\u00e9 et de s\u00e9curit\u00e9.<\/p>\n<p><strong><a href=\"https:\/\/www.albinfo.ch\/wp-content\/uploads\/2026\/04\/medical-4.jpeg\"><img loading=\"lazy\" decoding=\"async\" class=\"alignnone wp-image-918908\" src=\"https:\/\/www.albinfo.ch\/wp-content\/uploads\/2026\/04\/medical-4-1024x512.jpeg\" alt=\"\" width=\"600\" height=\"300\" srcset=\"https:\/\/www.albinfo.at\/wp-content\/uploads\/2026\/04\/medical-4-1024x512.jpeg 1024w, https:\/\/www.albinfo.at\/wp-content\/uploads\/2026\/04\/medical-4-300x150.jpeg 300w, https:\/\/www.albinfo.at\/wp-content\/uploads\/2026\/04\/medical-4-768x384.jpeg 768w, https:\/\/www.albinfo.at\/wp-content\/uploads\/2026\/04\/medical-4-1536x768.jpeg 1536w, https:\/\/www.albinfo.at\/wp-content\/uploads\/2026\/04\/medical-4-587x294.jpeg 587w, https:\/\/www.albinfo.at\/wp-content\/uploads\/2026\/04\/medical-4-180x90.jpeg 180w, https:\/\/www.albinfo.at\/wp-content\/uploads\/2026\/04\/medical-4-265x133.jpeg 265w, https:\/\/www.albinfo.at\/wp-content\/uploads\/2026\/04\/medical-4.jpeg 1600w\" sizes=\"auto, (max-width: 600px) 100vw, 600px\" \/><\/a><\/strong><\/p>\n<p data-start=\"0\" data-end=\"46\"><strong>Consultations directes en Suisse<\/strong><\/p>\n<p data-start=\"48\" data-end=\"175\">Un avantage particulier de MedicalTravel est le suivi personnalis\u00e9 avant et apr\u00e8s le traitement, propos\u00e9 directement en Suisse:<\/p>\n<p data-start=\"177\" data-end=\"317\">Un m\u00e9decin sp\u00e9cialiste en esth\u00e9tique venu d\u2019Istanbul propose r\u00e9guli\u00e8rement des consultations \u00e0 Zoug. Ce m\u00e9decin a m\u00eame \u00e9t\u00e9 film\u00e9 par SRF1.<\/p>\n<p data-start=\"319\" data-end=\"414\">Une clinique dentaire partenaire \u00e0 Zurich s\u2019occupe des contr\u00f4les avant et apr\u00e8s le traitement<\/p>\n<p data-start=\"416\" data-end=\"501\">Des contr\u00f4les rapides gratuits sont propos\u00e9s pour les traitements au laser des yeux<\/p>\n<p data-start=\"503\" data-end=\"547\">Le si\u00e8ge de l\u2019entreprise se trouve \u00e0 Berne<\/p>\n<p><strong><a href=\"https:\/\/www.albinfo.ch\/wp-content\/uploads\/2026\/04\/medical-3a.jpeg\"><img loading=\"lazy\" decoding=\"async\" class=\"alignnone size-large wp-image-918911\" src=\"https:\/\/www.albinfo.ch\/wp-content\/uploads\/2026\/04\/medical-3a-1021x1024.jpeg\" alt=\"\" width=\"640\" height=\"642\" srcset=\"https:\/\/www.albinfo.at\/wp-content\/uploads\/2026\/04\/medical-3a-1021x1024.jpeg 1021w, https:\/\/www.albinfo.at\/wp-content\/uploads\/2026\/04\/medical-3a-300x300.jpeg 300w, https:\/\/www.albinfo.at\/wp-content\/uploads\/2026\/04\/medical-3a-150x150.jpeg 150w, https:\/\/www.albinfo.at\/wp-content\/uploads\/2026\/04\/medical-3a-768x770.jpeg 768w, https:\/\/www.albinfo.at\/wp-content\/uploads\/2026\/04\/medical-3a-1532x1536.jpeg 1532w, https:\/\/www.albinfo.at\/wp-content\/uploads\/2026\/04\/medical-3a-395x396.jpeg 395w, https:\/\/www.albinfo.at\/wp-content\/uploads\/2026\/04\/medical-3a-280x280.jpeg 280w, https:\/\/www.albinfo.at\/wp-content\/uploads\/2026\/04\/medical-3a-100x100.jpeg 100w, https:\/\/www.albinfo.at\/wp-content\/uploads\/2026\/04\/medical-3a-175x175.jpeg 175w, https:\/\/www.albinfo.at\/wp-content\/uploads\/2026\/04\/medical-3a.jpeg 1596w\" sizes=\"auto, (max-width: 640px) 100vw, 640px\" \/><\/a><\/strong><\/p>\n<p data-start=\"0\" data-end=\"47\"><strong>Les traitements les plus demand\u00e9s<\/strong><\/p>\n<p data-start=\"49\" data-end=\"140\">En principe, tous les types de traitements sont propos\u00e9s. Parmi les plus demand\u00e9s figurent:<\/p>\n<p data-start=\"142\" data-end=\"268\"><a href=\"https:\/\/medicaltravel.ch\/schoenheitsoperation\/turkei-istanbul-schoenheitsreisen\/\">Op\u00e9rations esth\u00e9tiques<\/a><br data-start=\"164\" data-end=\"167\" \/><a href=\"https:\/\/medicaltravel.ch\/zahnimplantate\/zahnbehandlung\/\">Corrections dentaires<\/a><br data-start=\"188\" data-end=\"191\" \/><a href=\"https:\/\/medicaltravel.ch\/haartransplantation\/die-spitaler\/haarkliniken-in-istanbul-turkei\/\">Greffes de cheveux<\/a><br data-start=\"209\" data-end=\"212\" \/><a href=\"https:\/\/swisslasik.ch\/augen-lasern\/\">Traitements au laser des yeux<\/a> et <a href=\"https:\/\/swisslasik.ch\/augen-lasern\/multifokallinsen\/\">implants de lentilles<\/a><\/p>\n<p data-start=\"270\" data-end=\"475\">En outre, MedicalTravel organise l\u2019ensemble du processus, y compris les transferts entre l\u2019a\u00e9roport, l\u2019h\u00f4tel et la clinique, ainsi que des services de traduction lors des consultations avec les m\u00e9decins.<\/p>\n<p>&nbsp;<\/p>\n<p><a href=\"https:\/\/www.albinfo.ch\/wp-content\/uploads\/2026\/04\/medical-1.jpeg\"><img loading=\"lazy\" decoding=\"async\" class=\"alignnone wp-image-918904\" src=\"https:\/\/www.albinfo.ch\/wp-content\/uploads\/2026\/04\/medical-1-e1777361259755.jpeg\" alt=\"\" width=\"608\" height=\"700\" srcset=\"https:\/\/www.albinfo.at\/wp-content\/uploads\/2026\/04\/medical-1-e1777361259755.jpeg 682w, https:\/\/www.albinfo.at\/wp-content\/uploads\/2026\/04\/medical-1-e1777361259755-261x300.jpeg 261w, https:\/\/www.albinfo.at\/wp-content\/uploads\/2026\/04\/medical-1-e1777361259755-344x396.jpeg 344w, https:\/\/www.albinfo.at\/wp-content\/uploads\/2026\/04\/medical-1-e1777361259755-87x100.jpeg 87w, https:\/\/www.albinfo.at\/wp-content\/uploads\/2026\/04\/medical-1-e1777361259755-152x175.jpeg 152w\" sizes=\"auto, (max-width: 608px) 100vw, 608px\" \/><\/a><\/p>\n<p data-start=\"0\" data-end=\"65\">Une qualit\u00e9 \u00e9lev\u00e9e \u00e0 des co\u00fbts nettement inf\u00e9rieurs<\/p>\n<p data-start=\"67\" data-end=\"200\">Selon l\u2019entreprise, les patients peuvent \u00e9conomiser jusqu\u2019\u00e0 70% des co\u00fbts tout en maintenant un niveau \u00e9lev\u00e9 de qualit\u00e9 des services.<\/p>\n<p data-start=\"202\" data-end=\"384\">&#8220;Notre objectif est d\u2019offrir \u00e0 nos patients des traitements s\u00fbrs et professionnels et de les accompagner tout au long du processus&#8221;, explique Serdar Kara, directeur de MedicalTravel.<\/p>\n<p data-start=\"386\" data-end=\"409\">Conseil sans engagement<\/p>\n<p data-start=\"411\" data-end=\"503\">Les personnes int\u00e9ress\u00e9es peuvent b\u00e9n\u00e9ficier d\u2019une consultation gratuite et sans engagement.<\/p>\n<p data-start=\"505\" data-end=\"655\">Contact:<br data-start=\"513\" data-end=\"516\" \/>WhatsApp: +41 78 737 35 41<br data-start=\"542\" data-end=\"545\" \/>E mail: <a class=\"decorated-link cursor-pointer\" rel=\"noopener\" data-start=\"553\" data-end=\"575\">info@medicaltravel.net<\/a><br data-start=\"575\" data-end=\"578\" \/>Web: <a class=\"decorated-link\" href=\"http:\/\/www.medicaltravel.ch\" target=\"_new\" rel=\"noopener\" data-start=\"583\" data-end=\"603\">www.medicaltravel.ch<\/a><br data-start=\"603\" data-end=\"606\" \/>MedicalTravel GmbH L\u00e4nggassstrasse 8 3012 Berne<\/p>\n","protected":false},"excerpt":{"rendered":"<p>Compte tenu de la hausse des co\u00fbts des soins de sant\u00e9 et des longs d\u00e9lais d\u2019attente en Europe, de plus en plus de patients choisissent de se faire soigner \u00e0 l\u2019\u00e9tranger. La Turquie en particulier est devenue ces derni\u00e8res ann\u00e9es une destination attrayante pour des services m\u00e9dicaux de qualit\u00e9 \u00e0 des co\u00fbts plus abordables. L\u2019entreprise [&hellip;]<\/p>\n","protected":false},"author":6,"featured_media":918900,"comment_status":"closed","ping_status":"closed","sticky":false,"template":"","format":"standard","meta":{"footnotes":""},"categories":[34916,3980,3979,24672,1170],"tags":[],"vendi":[31854],"content_country":[31835,31838,31840],"class_list":["post-919093","post","type-post","status-publish","format-standard","has-post-thumbnail","hentry","category-marketing-jeta-ne-zvicer-fr","category-portrait-des-entreprises","category-entreprises-cat","category-sante-fr-2","category-vivre-en-suisse","vendi-berne","content_country-austria-fr","content_country-germany-fr","content_country-zvicer-fr"],"acf":[],"_links":{"self":[{"href":"https:\/\/www.albinfo.at\/fr\/wp-json\/wp\/v2\/posts\/919093","targetHints":{"allow":["GET"]}}],"collection":[{"href":"https:\/\/www.albinfo.at\/fr\/wp-json\/wp\/v2\/posts"}],"about":[{"href":"https:\/\/www.albinfo.at\/fr\/wp-json\/wp\/v2\/types\/post"}],"author":[{"embeddable":true,"href":"https:\/\/www.albinfo.at\/fr\/wp-json\/wp\/v2\/users\/6"}],"replies":[{"embeddable":true,"href":"https:\/\/www.albinfo.at\/fr\/wp-json\/wp\/v2\/comments?post=919093"}],"version-history":[{"count":2,"href":"https:\/\/www.albinfo.at\/fr\/wp-json\/wp\/v2\/posts\/919093\/revisions"}],"predecessor-version":[{"id":919105,"href":"https:\/\/www.albinfo.at\/fr\/wp-json\/wp\/v2\/posts\/919093\/revisions\/919105"}],"wp:featuredmedia":[{"embeddable":true,"href":"https:\/\/www.albinfo.at\/fr\/wp-json\/wp\/v2\/media\/918900"}],"wp:attachment":[{"href":"https:\/\/www.albinfo.at\/fr\/wp-json\/wp\/v2\/media?parent=919093"}],"wp:term":[{"taxonomy":"category","embeddable":true,"href":"https:\/\/www.albinfo.at\/fr\/wp-json\/wp\/v2\/categories?post=919093"},{"taxonomy":"post_tag","embeddable":true,"href":"https:\/\/www.albinfo.at\/fr\/wp-json\/wp\/v2\/tags?post=919093"},{"taxonomy":"vendi","embeddable":true,"href":"https:\/\/www.albinfo.at\/fr\/wp-json\/wp\/v2\/vendi?post=919093"},{"taxonomy":"content_country","embeddable":true,"href":"https:\/\/www.albinfo.at\/fr\/wp-json\/wp\/v2\/content_country?post=919093"}],"curies":[{"name":"wp","href":"https:\/\/api.w.org\/{rel}","templated":true}]}}