{"id":919074,"date":"2026-04-28T10:10:49","date_gmt":"2026-04-28T08:10:49","guid":{"rendered":"https:\/\/www.albinfo.ch\/mergata-pajis-spitalin-e-dializes-ne-struge-me-aparatura-moderne\/"},"modified":"2026-04-28T19:50:16","modified_gmt":"2026-04-28T17:50:16","slug":"mergata-pajis-spitalin-e-dializes-ne-struge-me-aparatura-moderne","status":"publish","type":"post","link":"https:\/\/www.albinfo.at\/fr\/mergata-pajis-spitalin-e-dializes-ne-struge-me-aparatura-moderne\/","title":{"rendered":"La diaspora \u00e9quipe l\u2019h\u00f4pital de dialyse \u00e0 Struga avec des appareils modernes"},"content":{"rendered":"<p data-start=\"0\" data-end=\"205\">L\u2019h\u00f4pital de dialyse de Struga a \u00e9t\u00e9 \u00e9quip\u00e9 de dizaines d\u2019appareils m\u00e9dicaux modernes, qui devraient am\u00e9liorer consid\u00e9rablement la qualit\u00e9 des services pour les patients, rapporte albinfo.ch.<\/p>\n<p data-start=\"207\" data-end=\"526\">Dans cette initiative, le m\u00e9decin Shk\u00eblqim Re\u00e7i, employ\u00e9 au Carl von Basedow Klinikum \u00e0 Merseburg en Allemagne, a jou\u00e9 un r\u00f4le cl\u00e9. La collaboration a \u00e9t\u00e9 initi\u00e9e en 2024 apr\u00e8s la visite de l\u2019ambassadeur de la Mac\u00e9doine du Nord en Allemagne, Prof Dr Ylber Sela, cr\u00e9ant des liens directs entre les institutions de sant\u00e9.<\/p>\n<p data-start=\"528\" data-end=\"854\">Le don comprend des machines de dialyse, des respirateurs, des appareils d\u2019\u00e9chographie, des moniteurs des param\u00e8tres vitaux, des perfuseurs et d\u2019autres \u00e9quipements essentiels. L\u2019h\u00f4pital g\u00e9n\u00e9ral de Struga a \u00e9galement b\u00e9n\u00e9fici\u00e9 de ce projet, en \u00e9tant \u00e9quip\u00e9 de respirateurs et d\u2019incubateurs pour les services de soins intensifs.<\/p>\n<p data-start=\"856\" data-end=\"1022\">Ce projet est consid\u00e9r\u00e9 comme un exemple important de la contribution de la diaspora et de la coop\u00e9ration institutionnelle pour am\u00e9liorer le syst\u00e8me de sant\u00e9 local.\/Albinfo.ch<\/p>\n","protected":false},"excerpt":{"rendered":"<p>La diaspora albanaise \u00e9quipe l\u2019h\u00f4pital de dialyse \u00e0 Struga avec des appareils modernes<\/p>\n","protected":false},"author":31,"featured_media":918877,"comment_status":"closed","ping_status":"closed","sticky":false,"template":"","format":"standard","meta":{"footnotes":""},"categories":[24627,24637,23273,23270,24630,1159,1163],"tags":[],"vendi":[],"content_country":[31835,31838,31840],"class_list":["post-919074","post","type-post","status-publish","format-standard","has-post-thumbnail","hentry","category-macedoine-du-nord-fr-2","category-nouvelles-fr-4","category-macedoine-du-nord","category-at-balkani-fr","category-nouvelles","category-ch-balkans","category-fr-e-diaspora","content_country-austria-fr","content_country-germany-fr","content_country-zvicer-fr"],"acf":[],"_links":{"self":[{"href":"https:\/\/www.albinfo.at\/fr\/wp-json\/wp\/v2\/posts\/919074","targetHints":{"allow":["GET"]}}],"collection":[{"href":"https:\/\/www.albinfo.at\/fr\/wp-json\/wp\/v2\/posts"}],"about":[{"href":"https:\/\/www.albinfo.at\/fr\/wp-json\/wp\/v2\/types\/post"}],"author":[{"embeddable":true,"href":"https:\/\/www.albinfo.at\/fr\/wp-json\/wp\/v2\/users\/31"}],"replies":[{"embeddable":true,"href":"https:\/\/www.albinfo.at\/fr\/wp-json\/wp\/v2\/comments?post=919074"}],"version-history":[{"count":2,"href":"https:\/\/www.albinfo.at\/fr\/wp-json\/wp\/v2\/posts\/919074\/revisions"}],"predecessor-version":[{"id":919076,"href":"https:\/\/www.albinfo.at\/fr\/wp-json\/wp\/v2\/posts\/919074\/revisions\/919076"}],"wp:featuredmedia":[{"embeddable":true,"href":"https:\/\/www.albinfo.at\/fr\/wp-json\/wp\/v2\/media\/918877"}],"wp:attachment":[{"href":"https:\/\/www.albinfo.at\/fr\/wp-json\/wp\/v2\/media?parent=919074"}],"wp:term":[{"taxonomy":"category","embeddable":true,"href":"https:\/\/www.albinfo.at\/fr\/wp-json\/wp\/v2\/categories?post=919074"},{"taxonomy":"post_tag","embeddable":true,"href":"https:\/\/www.albinfo.at\/fr\/wp-json\/wp\/v2\/tags?post=919074"},{"taxonomy":"vendi","embeddable":true,"href":"https:\/\/www.albinfo.at\/fr\/wp-json\/wp\/v2\/vendi?post=919074"},{"taxonomy":"content_country","embeddable":true,"href":"https:\/\/www.albinfo.at\/fr\/wp-json\/wp\/v2\/content_country?post=919074"}],"curies":[{"name":"wp","href":"https:\/\/api.w.org\/{rel}","templated":true}]}}