{"id":919061,"date":"2026-04-28T09:15:45","date_gmt":"2026-04-28T07:15:45","guid":{"rendered":"https:\/\/www.albinfo.ch\/albulena-uka-betohet-si-avokate-ne-nju-jork-nje-sukses-i-ri-per-juristen-nga-kosova\/"},"modified":"2026-04-28T19:41:28","modified_gmt":"2026-04-28T17:41:28","slug":"albulena-uka-betohet-si-avokate-ne-nju-jork-nje-sukses-i-ri-per-juristen-nga-kosova","status":"publish","type":"post","link":"https:\/\/www.albinfo.at\/fr\/albulena-uka-betohet-si-avokate-ne-nju-jork-nje-sukses-i-ri-per-juristen-nga-kosova\/","title":{"rendered":"Albulena Uka pr\u00eate serment comme avocate \u00e0 New York, un nouveau succ\u00e8s pour la juriste du Kosovo"},"content":{"rendered":"<p data-start=\"0\" data-end=\"254\">La juriste kosovare Albulena Uka a enregistr\u00e9 un nouveau succ\u00e8s important dans sa carri\u00e8re internationale en pr\u00eatant serment sur la Constitution des \u00c9tats Unis d\u2019Am\u00e9rique pour exercer la profession d\u2019avocate \u00e0 New York, rapporte albinfo.ch.<\/p>\n<p data-start=\"256\" data-end=\"444\">Dans une r\u00e9action publique, Uka a qualifi\u00e9 ce moment de grand honneur et de responsabilit\u00e9 particuli\u00e8re, en soulignant qu\u2019elle exercera sa profession avec int\u00e9grit\u00e9 et <a href=\"https:\/\/www.albinfo.ch\/fr\/quand-les-reves-ne-connaissent-pas-de-frontieres-le-parcours-academique-dalbulena-uka\/\">professionnalisme<\/a>.<\/p>\n<p><img loading=\"lazy\" decoding=\"async\" class=\"alignnone wp-image-918871\" src=\"https:\/\/www.albinfo.ch\/wp-content\/uploads\/2026\/04\/img_9107-733x1024.jpeg\" alt=\"\" width=\"500\" height=\"698\" srcset=\"https:\/\/www.albinfo.at\/wp-content\/uploads\/2026\/04\/img_9107-733x1024.jpeg 733w, https:\/\/www.albinfo.at\/wp-content\/uploads\/2026\/04\/img_9107-215x300.jpeg 215w, https:\/\/www.albinfo.at\/wp-content\/uploads\/2026\/04\/img_9107-768x1073.jpeg 768w, https:\/\/www.albinfo.at\/wp-content\/uploads\/2026\/04\/img_9107-1100x1536.jpeg 1100w, https:\/\/www.albinfo.at\/wp-content\/uploads\/2026\/04\/img_9107-283x396.jpeg 283w, https:\/\/www.albinfo.at\/wp-content\/uploads\/2026\/04\/img_9107-72x100.jpeg 72w, https:\/\/www.albinfo.at\/wp-content\/uploads\/2026\/04\/img_9107-125x175.jpeg 125w, https:\/\/www.albinfo.at\/wp-content\/uploads\/2026\/04\/img_9107.jpeg 1466w\" sizes=\"auto, (max-width: 500px) 100vw, 500px\" \/><\/p>\n<p>&nbsp;<\/p>\n<p data-start=\"0\" data-end=\"270\">N\u00e9e \u00e0 Mitrovica, Albulena Uka a commenc\u00e9 ses \u00e9tudes \u00e0 la Facult\u00e9 de droit de l\u2019Universit\u00e9 de Mitrovica, avant de poursuivre un master en droit international et europ\u00e9en \u00e0 l\u2019Universit\u00e9 de Gand, o\u00f9 elle a obtenu son dipl\u00f4me avec la mention &#8220;Summa Cum Laude&#8221;.<\/p>\n<p data-start=\"272\" data-end=\"568\">Au cours de son engagement au Kosovo, elle a occup\u00e9 des postes dans des institutions publiques importantes, notamment au minist\u00e8re de la Justice, \u00e0 la Cour constitutionnelle et au minist\u00e8re de l\u2019Int\u00e9gration europ\u00e9enne, tout en contribuant au milieu acad\u00e9mique en tant qu\u2019assistante universitaire.<\/p>\n<p data-start=\"570\" data-end=\"867\">Sur le plan international, Uka s\u2019est engag\u00e9e dans des activit\u00e9s et conf\u00e9rences acad\u00e9miques, y compris des \u00e9v\u00e9nements organis\u00e9s par l\u2019Universit\u00e9 Harvard, se distinguant dans les domaines de l\u2019\u00c9tat de droit, des droits fondamentaux et des relations entre le droit international et le droit europ\u00e9en.<\/p>\n<p data-start=\"869\" data-end=\"1176\">Actuellement, Albulena Uka exerce comme professeure \u00e0 la Brooklyn Law School \u00e0 New York, l\u2019une des institutions juridiques les plus prestigieuses aux \u00c9tats Unis. Son parcours est consid\u00e9r\u00e9 comme une r\u00e9ussite importante non seulement sur le plan personnel, mais aussi pour la diaspora acad\u00e9mique albanaise.\/Albinfo.ch<\/p>\n<p>&nbsp;<\/p>\n<blockquote class=\"wp-embedded-content\" data-secret=\"aJWvTOsq3s\"><p><a href=\"https:\/\/www.albinfo.ch\/kur-endrrat-nuk-njohin-kufij-rrugetimi-akademik-i-albulena-ukes\/\">Kur \u00ebndrrat nuk njohin kufij, rrug\u00ebtimi akademik i Albulena Uk\u00ebs<\/a><\/p><\/blockquote>\n<p><iframe loading=\"lazy\" class=\"wp-embedded-content\" sandbox=\"allow-scripts\" security=\"restricted\" style=\"position: absolute; visibility: hidden;\" title=\"&#8220;Kur \u00ebndrrat nuk njohin kufij, rrug\u00ebtimi akademik i Albulena Uk\u00ebs&#8221; &#8212; Albinfo\" src=\"https:\/\/www.albinfo.ch\/kur-endrrat-nuk-njohin-kufij-rrugetimi-akademik-i-albulena-ukes\/embed\/#?secret=1Rv9jtIAg4#?secret=aJWvTOsq3s\" data-secret=\"aJWvTOsq3s\" width=\"587\" height=\"331\" frameborder=\"0\" marginwidth=\"0\" marginheight=\"0\" scrolling=\"no\"><\/iframe><\/p>\n","protected":false},"excerpt":{"rendered":"<p>N\u00e9e \u00e0 Mitrovica et forte d\u2019une riche carri\u00e8re acad\u00e9mique et institutionnelle, Uka continue de r\u00e9aliser des succ\u00e8s aux \u00c9tats Unis, o\u00f9 elle enseigne actuellement \u00e0 la Brooklyn Law School<\/p>\n","protected":false},"author":31,"featured_media":918869,"comment_status":"closed","ping_status":"closed","sticky":false,"template":"","format":"standard","meta":{"footnotes":""},"categories":[23271,24637,1164,1165,3949,23270,24630,1159,1163],"tags":[],"vendi":[],"content_country":[31835,31838,31840],"class_list":["post-919061","post","type-post","status-publish","format-standard","has-post-thumbnail","hentry","category-kosovo","category-nouvelles-fr-4","category-integration-fr","category-femmes","category-kosova-fr","category-at-balkani-fr","category-nouvelles","category-ch-balkans","category-fr-e-diaspora","content_country-austria-fr","content_country-germany-fr","content_country-zvicer-fr"],"acf":[],"_links":{"self":[{"href":"https:\/\/www.albinfo.at\/fr\/wp-json\/wp\/v2\/posts\/919061","targetHints":{"allow":["GET"]}}],"collection":[{"href":"https:\/\/www.albinfo.at\/fr\/wp-json\/wp\/v2\/posts"}],"about":[{"href":"https:\/\/www.albinfo.at\/fr\/wp-json\/wp\/v2\/types\/post"}],"author":[{"embeddable":true,"href":"https:\/\/www.albinfo.at\/fr\/wp-json\/wp\/v2\/users\/31"}],"replies":[{"embeddable":true,"href":"https:\/\/www.albinfo.at\/fr\/wp-json\/wp\/v2\/comments?post=919061"}],"version-history":[{"count":2,"href":"https:\/\/www.albinfo.at\/fr\/wp-json\/wp\/v2\/posts\/919061\/revisions"}],"predecessor-version":[{"id":919067,"href":"https:\/\/www.albinfo.at\/fr\/wp-json\/wp\/v2\/posts\/919061\/revisions\/919067"}],"wp:featuredmedia":[{"embeddable":true,"href":"https:\/\/www.albinfo.at\/fr\/wp-json\/wp\/v2\/media\/918869"}],"wp:attachment":[{"href":"https:\/\/www.albinfo.at\/fr\/wp-json\/wp\/v2\/media?parent=919061"}],"wp:term":[{"taxonomy":"category","embeddable":true,"href":"https:\/\/www.albinfo.at\/fr\/wp-json\/wp\/v2\/categories?post=919061"},{"taxonomy":"post_tag","embeddable":true,"href":"https:\/\/www.albinfo.at\/fr\/wp-json\/wp\/v2\/tags?post=919061"},{"taxonomy":"vendi","embeddable":true,"href":"https:\/\/www.albinfo.at\/fr\/wp-json\/wp\/v2\/vendi?post=919061"},{"taxonomy":"content_country","embeddable":true,"href":"https:\/\/www.albinfo.at\/fr\/wp-json\/wp\/v2\/content_country?post=919061"}],"curies":[{"name":"wp","href":"https:\/\/api.w.org\/{rel}","templated":true}]}}