{"id":918947,"date":"2026-04-28T13:12:01","date_gmt":"2026-04-28T11:12:01","guid":{"rendered":"https:\/\/www.albinfo.ch\/?p=918947"},"modified":"2026-04-28T13:12:33","modified_gmt":"2026-04-28T11:12:33","slug":"visite-du-president-de-la-confederation-suisse-en-macedoine-du-nord-decouvrez-le-multilinguisme-suisse","status":"publish","type":"post","link":"https:\/\/www.albinfo.at\/fr\/visite-du-president-de-la-confederation-suisse-en-macedoine-du-nord-decouvrez-le-multilinguisme-suisse\/","title":{"rendered":"Visite du pr\u00e9sident de la Conf\u00e9d\u00e9ration Suisse en Mac\u00e9doine du Nord : d\u00e9couvrez le multilinguisme suisse!"},"content":{"rendered":"<p>La visite du pr\u00e9sident suisse Guy Parmelin en Mac\u00e9doine du Nord a suscit\u00e9 un vif int\u00e9r\u00eat au sein de la diaspora de Mac\u00e9doine du Nord en Suisse. Il s&#8217;agit de la premi\u00e8re visite d&#8217;un pr\u00e9sident de la Conf\u00e9d\u00e9ration, qui se d\u00e9roulera le 29 avril 2026 ; il sera re\u00e7u par la pr\u00e9sidente Gordana S. Davkova, puis rencontrera le Premier ministre H. Mickoski et le pr\u00e9sident du Parlement A. Gashi, selon un communiqu\u00e9 du D\u00e9partement f\u00e9d\u00e9ral de l&#8217;\u00e9conomie, de la formation et de la recherche (DFEF-FR).<\/p>\n<p>Actuellement, les relations sont bonnes et sont caract\u00e9ris\u00e9es par des questions li\u00e9es \u00e0 l&#8217;importante diaspora de citoyens de Mac\u00e9doine du Nord en Suisse (regroupement familial, coop\u00e9ration polici\u00e8re, partenariat en mati\u00e8re de migration) et \u00e0 l&#8217;important programme mis en \u0153uvre par la Suisse dans le cadre de sa coop\u00e9ration internationale.<\/p>\n<p>Nous sommes t\u00e9moins que la Suisse et la Mac\u00e9doine du Nord entretiennent d&#8217;excellentes relations. Actuellement, les relations bilat\u00e9rales se caract\u00e9risent par l&#8217;engagement important de la Suisse en mati\u00e8re de coop\u00e9ration internationale et par la pr\u00e9sence d&#8217;une importante diaspora de Mac\u00e9doine du Nord en Suisse (plus de 100 000 personnes). Les statistiques montrent que 507 citoyens suisses r\u00e9sidaient en Mac\u00e9doine du Nord fin 2024.<\/p>\n<p>Les citoyens suisses d&#8217;origine de Mac\u00e9doine du Nord, dont certains ont \u00e9tudi\u00e9 et travaill\u00e9 en Suisse, d\u00e9couvrent peu \u00e0 peu l&#8217;attrait et le potentiel \u00e9conomique de leur pays d&#8217;origine. Certains d&#8217;entre eux ont ainsi r\u00e9ussi \u00e0 y cr\u00e9er une petite ou moyenne entreprise, soit sur leurs fonds propres, soit en partenariat avec une entreprise suisse. De m\u00eame, la coop\u00e9ration en mati\u00e8re d\u2019\u00e9ducation, de recherche et d\u2019innovation est un axe majeur : par exemple, les chercheurs et artistes de Mac\u00e9doine du Nord peuvent solliciter des bourses d\u2019excellence aupr\u00e8s du Secr\u00e9tariat d\u2019\u00c9tat \u00e0 la formation, \u00e0 la recherche et \u00e0 l\u2019innovation (SERI) de la Conf\u00e9d\u00e9ration suisse. Dans le cadre de cette coop\u00e9ration internationale, la Suisse soutient \u00e9galement des projets de formation visant \u00e0 lutter contre le ch\u00f4mage des jeunes.<\/p>\n<p>Pays dont l&#8217;ind\u00e9pendance est encore relativement r\u00e9cente, la Mac\u00e9doine du Nord doit relever de nombreux d\u00e9fis sur la voie de son int\u00e9gration europ\u00e9enne. La Suisse la soutient dans cette d\u00e9marche. Il est donc judicieux pour elle de partager son mod\u00e8le unique de multilinguisme institutionnalis\u00e9 (allemand, fran\u00e7ais, italien et romanche). Ce multilinguisme est une pierre angulaire de l&#8217;identit\u00e9 suisse et de son syst\u00e8me politique, un atout dont la Mac\u00e9doine du Nord a cruellement besoin aujourd&#8217;hui. La Mac\u00e9doine du Nord, pays manquant d&#8217;exp\u00e9rience et de personnel qualifi\u00e9, rencontre de nombreuses difficult\u00e9s pour mettre en \u0153uvre le bilinguisme (albanais et mac\u00e9donien) par la voie l\u00e9gislative, condition essentielle au respect de l&#8217;\u00c9tat de droit. Les repr\u00e9sentants de l&#8217;\u00c9tat mac\u00e9donien devraient saisir cette occasion pour solliciter officiellement l&#8217;assistance de leur homologue suisse, Guy Parmelin, en visite en Mac\u00e9doine du Nord. D&#8217;autres organisations sont \u00e9galement invit\u00e9es \u00e0 faire part de leurs besoins dans ce domaine. Les m\u00e9dias ne devraient surtout pas manquer l&#8217;opportunit\u00e9 d&#8217;interroger l&#8217;illustre invit\u00e9 sur ce sujet. L&#8217;adage \u00ab qui ne risque rien n&#8217;a rien \u00bb prend tout son sens !<\/p>\n","protected":false},"excerpt":{"rendered":"<p>La visite du pr\u00e9sident suisse Guy Parmelin en Mac\u00e9doine du Nord a suscit\u00e9 un vif int\u00e9r\u00eat au sein de la diaspora de Mac\u00e9doine du Nord en Suisse. Il s&#8217;agit de la premi\u00e8re visite d&#8217;un pr\u00e9sident de la Conf\u00e9d\u00e9ration, qui se d\u00e9roulera le 29 avril 2026 ; il sera re\u00e7u par la pr\u00e9sidente Gordana S. Davkova, [&hellip;]<\/p>\n","protected":false},"author":14,"featured_media":352870,"comment_status":"closed","ping_status":"closed","sticky":false,"template":"","format":"standard","meta":{"footnotes":""},"categories":[1159],"tags":[],"vendi":[],"content_country":[31835,31838,31840],"class_list":["post-918947","post","type-post","status-publish","format-standard","has-post-thumbnail","hentry","category-ch-balkans","content_country-austria-fr","content_country-germany-fr","content_country-zvicer-fr"],"acf":[],"_links":{"self":[{"href":"https:\/\/www.albinfo.at\/fr\/wp-json\/wp\/v2\/posts\/918947","targetHints":{"allow":["GET"]}}],"collection":[{"href":"https:\/\/www.albinfo.at\/fr\/wp-json\/wp\/v2\/posts"}],"about":[{"href":"https:\/\/www.albinfo.at\/fr\/wp-json\/wp\/v2\/types\/post"}],"author":[{"embeddable":true,"href":"https:\/\/www.albinfo.at\/fr\/wp-json\/wp\/v2\/users\/14"}],"replies":[{"embeddable":true,"href":"https:\/\/www.albinfo.at\/fr\/wp-json\/wp\/v2\/comments?post=918947"}],"version-history":[{"count":2,"href":"https:\/\/www.albinfo.at\/fr\/wp-json\/wp\/v2\/posts\/918947\/revisions"}],"predecessor-version":[{"id":918949,"href":"https:\/\/www.albinfo.at\/fr\/wp-json\/wp\/v2\/posts\/918947\/revisions\/918949"}],"wp:featuredmedia":[{"embeddable":true,"href":"https:\/\/www.albinfo.at\/fr\/wp-json\/wp\/v2\/media\/352870"}],"wp:attachment":[{"href":"https:\/\/www.albinfo.at\/fr\/wp-json\/wp\/v2\/media?parent=918947"}],"wp:term":[{"taxonomy":"category","embeddable":true,"href":"https:\/\/www.albinfo.at\/fr\/wp-json\/wp\/v2\/categories?post=918947"},{"taxonomy":"post_tag","embeddable":true,"href":"https:\/\/www.albinfo.at\/fr\/wp-json\/wp\/v2\/tags?post=918947"},{"taxonomy":"vendi","embeddable":true,"href":"https:\/\/www.albinfo.at\/fr\/wp-json\/wp\/v2\/vendi?post=918947"},{"taxonomy":"content_country","embeddable":true,"href":"https:\/\/www.albinfo.at\/fr\/wp-json\/wp\/v2\/content_country?post=918947"}],"curies":[{"name":"wp","href":"https:\/\/api.w.org\/{rel}","templated":true}]}}