{"id":918840,"date":"2026-04-27T21:00:33","date_gmt":"2026-04-27T19:00:33","guid":{"rendered":"https:\/\/www.albinfo.ch\/boksieri-shqiptar-lufton-kunder-anthony-joshua\/"},"modified":"2026-04-27T23:01:17","modified_gmt":"2026-04-27T21:01:17","slug":"boksieri-shqiptar-lufton-kunder-anthony-joshua","status":"publish","type":"post","link":"https:\/\/www.albinfo.at\/fr\/boksieri-shqiptar-lufton-kunder-anthony-joshua\/","title":{"rendered":"Le boxeur albanais &#8220;affronte&#8221; Anthony Joshua"},"content":{"rendered":"<p data-start=\"0\" data-end=\"89\">Le boxeur albanais Kristian Prenga affrontera Anthony Joshua le 25 juillet.<\/p>\n<p data-start=\"91\" data-end=\"190\">Joshua a confirm\u00e9 aujourd\u2019hui le combat contre Prenga, qui se d\u00e9roulera \u00e0 Riyad en Arabie saoudite.<\/p>\n<p data-start=\"192\" data-end=\"355\">Joshua est l\u2019un des boxeurs les plus c\u00e9l\u00e8bres des derni\u00e8res d\u00e9cennies, tandis que Prenga compte 20 victoires et une seule d\u00e9faite dans sa carri\u00e8re professionnelle.<\/p>\n<p data-start=\"357\" data-end=\"458\">L\u2019ancien champion du monde des poids lourds affiche 29 victoires, dont 26 par KO, et quatre d\u00e9faites.<\/p>\n<p data-start=\"460\" data-end=\"805\">&#8220;Ce n\u2019est un secret pour personne que j\u2019ai eu besoin de temps pour me reconstruire et me pr\u00e9parer \u00e0 revenir sur le ring. Aujourd\u2019hui marque une nouvelle \u00e9tape dans ce parcours. Je suis heureux d\u2019avoir conclu un accord pour le combat du 25 juillet en Arabie saoudite. J\u2019ai h\u00e2te de boxer et de reprendre l\u00e0 o\u00f9 je m\u2019\u00e9tais arr\u00eat\u00e9&#8221;, a d\u00e9clar\u00e9 Joshua.<\/p>\n<p data-start=\"807\" data-end=\"907\">De son c\u00f4t\u00e9, Prenga a affirm\u00e9 que Joshua avait commis une erreur en le choisissant comme adversaire.<\/p>\n<p data-start=\"909\" data-end=\"1275\">&#8220;Anthony Joshua est un excellent combattant, mais il a fait une grave erreur en me choisissant. C\u2019est un combat qui changera tout dans ma vie et dans la sienne. Je sais qu\u2019il a de grands projets apr\u00e8s ce combat. Je sais qu\u2019ils me sous estiment. Cela me convient. Je vais bouleverser leurs plans et secouer le monde en juillet en Arabie saoudite&#8221;, a d\u00e9clar\u00e9 Prenga.<\/p>\n","protected":false},"excerpt":{"rendered":"<p>Le boxeur albanais Kristian Prenga affrontera Anthony Joshua le 25 juillet. Joshua a confirm\u00e9 aujourd\u2019hui le combat contre Prenga, qui se d\u00e9roulera \u00e0 Riyad en Arabie saoudite. Joshua est l\u2019un des boxeurs les plus c\u00e9l\u00e8bres des derni\u00e8res d\u00e9cennies, tandis que Prenga compte 20 victoires et une seule d\u00e9faite dans sa carri\u00e8re professionnelle. L\u2019ancien champion du [&hellip;]<\/p>\n","protected":false},"author":45,"featured_media":918699,"comment_status":"closed","ping_status":"closed","sticky":false,"template":"","format":"standard","meta":{"footnotes":""},"categories":[24669,24630,1169],"tags":[],"vendi":[],"content_country":[31835,31838,31840],"class_list":["post-918840","post","type-post","status-publish","format-standard","has-post-thumbnail","hentry","category-arts-martiaux","category-nouvelles","category-sport-fr","content_country-austria-fr","content_country-germany-fr","content_country-zvicer-fr"],"acf":[],"_links":{"self":[{"href":"https:\/\/www.albinfo.at\/fr\/wp-json\/wp\/v2\/posts\/918840","targetHints":{"allow":["GET"]}}],"collection":[{"href":"https:\/\/www.albinfo.at\/fr\/wp-json\/wp\/v2\/posts"}],"about":[{"href":"https:\/\/www.albinfo.at\/fr\/wp-json\/wp\/v2\/types\/post"}],"author":[{"embeddable":true,"href":"https:\/\/www.albinfo.at\/fr\/wp-json\/wp\/v2\/users\/45"}],"replies":[{"embeddable":true,"href":"https:\/\/www.albinfo.at\/fr\/wp-json\/wp\/v2\/comments?post=918840"}],"version-history":[{"count":2,"href":"https:\/\/www.albinfo.at\/fr\/wp-json\/wp\/v2\/posts\/918840\/revisions"}],"predecessor-version":[{"id":918843,"href":"https:\/\/www.albinfo.at\/fr\/wp-json\/wp\/v2\/posts\/918840\/revisions\/918843"}],"wp:featuredmedia":[{"embeddable":true,"href":"https:\/\/www.albinfo.at\/fr\/wp-json\/wp\/v2\/media\/918699"}],"wp:attachment":[{"href":"https:\/\/www.albinfo.at\/fr\/wp-json\/wp\/v2\/media?parent=918840"}],"wp:term":[{"taxonomy":"category","embeddable":true,"href":"https:\/\/www.albinfo.at\/fr\/wp-json\/wp\/v2\/categories?post=918840"},{"taxonomy":"post_tag","embeddable":true,"href":"https:\/\/www.albinfo.at\/fr\/wp-json\/wp\/v2\/tags?post=918840"},{"taxonomy":"vendi","embeddable":true,"href":"https:\/\/www.albinfo.at\/fr\/wp-json\/wp\/v2\/vendi?post=918840"},{"taxonomy":"content_country","embeddable":true,"href":"https:\/\/www.albinfo.at\/fr\/wp-json\/wp\/v2\/content_country?post=918840"}],"curies":[{"name":"wp","href":"https:\/\/api.w.org\/{rel}","templated":true}]}}