{"id":918827,"date":"2026-04-27T20:10:14","date_gmt":"2026-04-27T18:10:14","guid":{"rendered":"https:\/\/www.albinfo.ch\/sot-u-lansua-programi-i-bashkepunimit-te-zvicres-ne-kosove-per-periudhen-2026-2029\/"},"modified":"2026-04-27T22:55:11","modified_gmt":"2026-04-27T20:55:11","slug":"sot-u-lansua-programi-i-bashkepunimit-te-zvicres-ne-kosove-per-periudhen-2026-2029","status":"publish","type":"post","link":"https:\/\/www.albinfo.at\/fr\/sot-u-lansua-programi-i-bashkepunimit-te-zvicres-ne-kosove-per-periudhen-2026-2029\/","title":{"rendered":"Aujourd\u2019hui a \u00e9t\u00e9 lanc\u00e9 le Programme de coop\u00e9ration de la Suisse au Kosovo pour la p\u00e9riode 2026-2029"},"content":{"rendered":"<div class=\"x14z9mp xat24cr x1lziwak x1vvkbs xtlvy1s x126k92a\">\n<div dir=\"auto\">\n<p data-start=\"0\" data-end=\"180\">Le Kosovo et la Suisse ont marqu\u00e9 aujourd\u2019hui leur partenariat durable avec le lancement du Programme de coop\u00e9ration de la Suisse au Kosovo pour la p\u00e9riode 2026 2029.<\/p>\n<p data-start=\"182\" data-end=\"589\">Lors de l\u2019\u00e9v\u00e9nement organis\u00e9 \u00e0 Pristina, avec la participation de repr\u00e9sentants institutionnels, de partenaires et de nombreux b\u00e9n\u00e9ficiaires, l\u2019ambassadeur de Suisse au Kosovo J\u00fcrg Sprecher, l\u2019ambassadrice Patricia Danzi directrice g\u00e9n\u00e9rale de l\u2019Agence suisse pour le d\u00e9veloppement et la coop\u00e9ration SDC, ainsi que le Premier ministre du Kosovo Albin Kurti ont r\u00e9affirm\u00e9 l\u2019amiti\u00e9 solide entre les deux pays.<\/p>\n<p data-start=\"591\" data-end=\"1264\">&#8220;L\u2019ambassadeur Sprecher a soulign\u00e9 que le soutien de la Suisse a toujours \u00e9t\u00e9 guid\u00e9 par un engagement fort envers les citoyens du Kosovo et le d\u00e9veloppement du pays, en mettant en avant que, alors que le Kosovo continue de se d\u00e9velopper, le nouveau programme refl\u00e8te un passage vers un partenariat plus strat\u00e9gique et un renforcement mutuel. Au nom des institutions f\u00e9d\u00e9rales suisses pr\u00e9sentes \u00e0 cet \u00e9v\u00e9nement, l\u2019ambassadrice Patricia Danzi s\u2019est adress\u00e9e aux participants en tant que directrice g\u00e9n\u00e9rale de l\u2019Agence suisse pour le d\u00e9veloppement et la coop\u00e9ration SDC au sein du D\u00e9partement f\u00e9d\u00e9ral des affaires \u00e9trang\u00e8res FDFA&#8221;, indique le communiqu\u00e9, rapporte albinfo.ch.<\/p>\n<p data-start=\"1266\" data-end=\"1911\">&#8220;Notre objectif avec le Programme de coop\u00e9ration 2026 2029 est pleinement align\u00e9 avec la strat\u00e9gie nationale de d\u00e9veloppement du Kosovo et construit en \u00e9troite collaboration avec les institutions centrales et locales, le secteur priv\u00e9 et la soci\u00e9t\u00e9 civile. Bien que le programme repr\u00e9sente un engagement important de 70 millions d\u2019euros, sa v\u00e9ritable valeur va au del\u00e0 du financement lui m\u00eame. Les ressources financi\u00e8res n\u2019ont de sens que lorsqu\u2019elles se traduisent par un impact r\u00e9el, lorsqu\u2019elles am\u00e9liorent la vie, renforcent les syst\u00e8mes et cr\u00e9ent des opportunit\u00e9s significatives pour les citoyens du Kosovo&#8221;, a d\u00e9clar\u00e9 l\u2019ambassadrice Danzi.<\/p>\n<p data-start=\"1913\" data-end=\"2376\">De son c\u00f4t\u00e9, le Premier ministre du Kosovo Albin Kurti a remerci\u00e9 la Suisse pour son soutien continu, en \u00e9voquant les liens \u00e9troits entre les deux pays et le r\u00f4le important de la diaspora kosovare en Suisse. Il a soulign\u00e9 que la Suisse est l\u2019un des principaux partenaires bilat\u00e9raux de coop\u00e9ration pour le Kosovo et le deuxi\u00e8me plus grand investisseur \u00e9tranger, en affirmant que ce partenariat solide continuera de fa\u00e7onner la coop\u00e9ration dans les ann\u00e9es \u00e0 venir.<\/p>\n<p data-start=\"2378\" data-end=\"2867\">&#8220;L\u2019objectif du Kosovo est clair, une adh\u00e9sion compl\u00e8te \u00e0 l\u2019Union europ\u00e9enne. Notre strat\u00e9gie nationale de d\u00e9veloppement 2030 sert de feuille de route, tandis que le Programme de coop\u00e9ration de la Suisse au Kosovo 2026 2029 est \u00e9troitement align\u00e9 avec celle ci et avec les priorit\u00e9s des r\u00e9formes de l\u2019UE. Chaque franc suisse, chaque heure d\u2019expertise technique et chaque \u00e9change de politiques constitue une contribution \u00e0 notre parcours europ\u00e9en. Nous remercions la Suisse&#8221;, a t il d\u00e9clar\u00e9.<\/p>\n<p data-start=\"2869\" data-end=\"3404\">Le Programme de coop\u00e9ration de la Suisse au Kosovo 2026 2029 refl\u00e8te l\u2019engagement commun de la Suisse et du Kosovo \u00e0 maintenir la stabilit\u00e9, promouvoir un d\u00e9veloppement durable et r\u00e9pondre aux nouveaux d\u00e9fis. Align\u00e9 sur les priorit\u00e9s du gouvernement du Kosovo, il se concentre sur trois domaines principaux, la gouvernance d\u00e9mocratique et la paix, le d\u00e9veloppement \u00e9conomique durable et la transition verte, ainsi que le d\u00e9veloppement humain \u00e9quitable. La coop\u00e9ration bilat\u00e9rale dans le domaine de la migration se poursuivra \u00e9galement.<\/p>\n<p data-start=\"3406\" data-end=\"3555\">La contribution financi\u00e8re de la Suisse pour les quatre prochaines ann\u00e9es s\u2019\u00e9l\u00e8ve \u00e0 64,5 millions de francs suisses soit environ 70 millions d\u2019euros.<\/p>\n<p data-start=\"3557\" data-end=\"3831\">Le programme a \u00e9t\u00e9 \u00e9labor\u00e9 selon une approche inclusive, impliquant l\u2019Agence suisse pour le d\u00e9veloppement et la coop\u00e9ration SDC, la division pour la paix et les droits de l\u2019homme du FDFA, le Secr\u00e9tariat d\u2019\u00c9tat \u00e0 l\u2019\u00e9conomie SECO et le Secr\u00e9tariat d\u2019\u00c9tat aux migrations SEM.<\/p>\n<\/div>\n<\/div>\n","protected":false},"excerpt":{"rendered":"<p>Le Kosovo et la Suisse ont marqu\u00e9 aujourd\u2019hui leur partenariat durable avec le lancement du Programme de coop\u00e9ration de la Suisse au Kosovo pour la p\u00e9riode 2026 2029. Lors de l\u2019\u00e9v\u00e9nement organis\u00e9 \u00e0 Pristina, avec la participation de repr\u00e9sentants institutionnels, de partenaires et de nombreux b\u00e9n\u00e9ficiaires, l\u2019ambassadeur de Suisse au Kosovo J\u00fcrg Sprecher, l\u2019ambassadrice Patricia [&hellip;]<\/p>\n","protected":false},"author":45,"featured_media":918693,"comment_status":"closed","ping_status":"closed","sticky":false,"template":"","format":"standard","meta":{"footnotes":""},"categories":[33083,23271,1160,3949,23277,23270,24620,24630,24634,1159],"tags":[],"vendi":[],"content_country":[31835,31838,31840],"class_list":["post-918827","post","type-post","status-publish","format-standard","has-post-thumbnail","hentry","category-de-balkani-fr","category-kosovo","category-actuel","category-kosova-fr","category-news-fr","category-at-balkani-fr","category-kosova-fr-2","category-nouvelles","category-nouvelles-fr-3","category-ch-balkans","content_country-austria-fr","content_country-germany-fr","content_country-zvicer-fr"],"acf":[],"_links":{"self":[{"href":"https:\/\/www.albinfo.at\/fr\/wp-json\/wp\/v2\/posts\/918827","targetHints":{"allow":["GET"]}}],"collection":[{"href":"https:\/\/www.albinfo.at\/fr\/wp-json\/wp\/v2\/posts"}],"about":[{"href":"https:\/\/www.albinfo.at\/fr\/wp-json\/wp\/v2\/types\/post"}],"author":[{"embeddable":true,"href":"https:\/\/www.albinfo.at\/fr\/wp-json\/wp\/v2\/users\/45"}],"replies":[{"embeddable":true,"href":"https:\/\/www.albinfo.at\/fr\/wp-json\/wp\/v2\/comments?post=918827"}],"version-history":[{"count":2,"href":"https:\/\/www.albinfo.at\/fr\/wp-json\/wp\/v2\/posts\/918827\/revisions"}],"predecessor-version":[{"id":918834,"href":"https:\/\/www.albinfo.at\/fr\/wp-json\/wp\/v2\/posts\/918827\/revisions\/918834"}],"wp:featuredmedia":[{"embeddable":true,"href":"https:\/\/www.albinfo.at\/fr\/wp-json\/wp\/v2\/media\/918693"}],"wp:attachment":[{"href":"https:\/\/www.albinfo.at\/fr\/wp-json\/wp\/v2\/media?parent=918827"}],"wp:term":[{"taxonomy":"category","embeddable":true,"href":"https:\/\/www.albinfo.at\/fr\/wp-json\/wp\/v2\/categories?post=918827"},{"taxonomy":"post_tag","embeddable":true,"href":"https:\/\/www.albinfo.at\/fr\/wp-json\/wp\/v2\/tags?post=918827"},{"taxonomy":"vendi","embeddable":true,"href":"https:\/\/www.albinfo.at\/fr\/wp-json\/wp\/v2\/vendi?post=918827"},{"taxonomy":"content_country","embeddable":true,"href":"https:\/\/www.albinfo.at\/fr\/wp-json\/wp\/v2\/content_country?post=918827"}],"curies":[{"name":"wp","href":"https:\/\/api.w.org\/{rel}","templated":true}]}}