{"id":918788,"date":"2026-04-27T16:10:33","date_gmt":"2026-04-27T14:10:33","guid":{"rendered":"https:\/\/www.albinfo.ch\/nje-ekip-i-fsk-se-eshte-nisur-drejt-gazes-per-vleresim-paraprak\/"},"modified":"2026-04-27T22:01:44","modified_gmt":"2026-04-27T20:01:44","slug":"nje-ekip-i-fsk-se-eshte-nisur-drejt-gazes-per-vleresim-paraprak","status":"publish","type":"post","link":"https:\/\/www.albinfo.at\/fr\/nje-ekip-i-fsk-se-eshte-nisur-drejt-gazes-per-vleresim-paraprak\/","title":{"rendered":"Une \u00e9quipe de la FSK est partie vers Gaza pour une \u00e9valuation pr\u00e9liminaire"},"content":{"rendered":"<p data-start=\"0\" data-end=\"160\">Le commandant de la Force de s\u00e9curit\u00e9 du Kosovo, le g\u00e9n\u00e9ral de corps d\u2019arm\u00e9e Bashkim Jashari, a annonc\u00e9 que l\u2019\u00e9quipe de la FSK a voyag\u00e9 vers Gaza.<\/p>\n<p data-start=\"162\" data-end=\"311\">Il a pr\u00e9cis\u00e9 que l\u2019\u00e9quipe effectuera une \u00e9valuation pr\u00e9liminaire ainsi que la coordination des activit\u00e9s de d\u00e9ploiement pour le contingent de la FSK.<\/p>\n<p data-start=\"313\" data-end=\"917\">&#8220;Au cours de cette visite, la d\u00e9l\u00e9gation a tenu une s\u00e9rie de r\u00e9unions et de discussions avec les autorit\u00e9s nationales charg\u00e9es de l\u2019administration de Gaza et les \u00e9quipes concern\u00e9es, ainsi qu\u2019avec des repr\u00e9sentants du Centre de coordination civilo militaire CMCC, qui op\u00e8re sous la supervision du Conseil de la paix, conform\u00e9ment \u00e0 la r\u00e9solution 2803 de l\u2019ONU. Lors de ces rencontres, les discussions ont port\u00e9 sur le processus d\u2019int\u00e9gration du contingent de la FSK, le d\u00e9veloppement des op\u00e9rations conjointes ainsi que la coordination du soutien logistique&#8221;, indique le communiqu\u00e9, rapporte albinfo.ch.<\/p>\n","protected":false},"excerpt":{"rendered":"<p>Le commandant de la Force de s\u00e9curit\u00e9 du Kosovo, le g\u00e9n\u00e9ral de corps d\u2019arm\u00e9e Bashkim Jashari, a annonc\u00e9 que l\u2019\u00e9quipe de la FSK a voyag\u00e9 vers Gaza. Il a pr\u00e9cis\u00e9 que l\u2019\u00e9quipe effectuera une \u00e9valuation pr\u00e9liminaire ainsi que la coordination des activit\u00e9s de d\u00e9ploiement pour le contingent de la FSK. &#8220;Au cours de cette visite, [&hellip;]<\/p>\n","protected":false},"author":45,"featured_media":918487,"comment_status":"closed","ping_status":"closed","sticky":false,"template":"","format":"standard","meta":{"footnotes":""},"categories":[33083,23271,1160,3949,23277,23270,24620,24630,24634,1159],"tags":[],"vendi":[],"content_country":[31835,31838,31840],"class_list":["post-918788","post","type-post","status-publish","format-standard","has-post-thumbnail","hentry","category-de-balkani-fr","category-kosovo","category-actuel","category-kosova-fr","category-news-fr","category-at-balkani-fr","category-kosova-fr-2","category-nouvelles","category-nouvelles-fr-3","category-ch-balkans","content_country-austria-fr","content_country-germany-fr","content_country-zvicer-fr"],"acf":[],"_links":{"self":[{"href":"https:\/\/www.albinfo.at\/fr\/wp-json\/wp\/v2\/posts\/918788","targetHints":{"allow":["GET"]}}],"collection":[{"href":"https:\/\/www.albinfo.at\/fr\/wp-json\/wp\/v2\/posts"}],"about":[{"href":"https:\/\/www.albinfo.at\/fr\/wp-json\/wp\/v2\/types\/post"}],"author":[{"embeddable":true,"href":"https:\/\/www.albinfo.at\/fr\/wp-json\/wp\/v2\/users\/45"}],"replies":[{"embeddable":true,"href":"https:\/\/www.albinfo.at\/fr\/wp-json\/wp\/v2\/comments?post=918788"}],"version-history":[{"count":2,"href":"https:\/\/www.albinfo.at\/fr\/wp-json\/wp\/v2\/posts\/918788\/revisions"}],"predecessor-version":[{"id":918790,"href":"https:\/\/www.albinfo.at\/fr\/wp-json\/wp\/v2\/posts\/918788\/revisions\/918790"}],"wp:featuredmedia":[{"embeddable":true,"href":"https:\/\/www.albinfo.at\/fr\/wp-json\/wp\/v2\/media\/918487"}],"wp:attachment":[{"href":"https:\/\/www.albinfo.at\/fr\/wp-json\/wp\/v2\/media?parent=918788"}],"wp:term":[{"taxonomy":"category","embeddable":true,"href":"https:\/\/www.albinfo.at\/fr\/wp-json\/wp\/v2\/categories?post=918788"},{"taxonomy":"post_tag","embeddable":true,"href":"https:\/\/www.albinfo.at\/fr\/wp-json\/wp\/v2\/tags?post=918788"},{"taxonomy":"vendi","embeddable":true,"href":"https:\/\/www.albinfo.at\/fr\/wp-json\/wp\/v2\/vendi?post=918788"},{"taxonomy":"content_country","embeddable":true,"href":"https:\/\/www.albinfo.at\/fr\/wp-json\/wp\/v2\/content_country?post=918788"}],"curies":[{"name":"wp","href":"https:\/\/api.w.org\/{rel}","templated":true}]}}