{"id":918780,"date":"2026-04-27T15:10:25","date_gmt":"2026-04-27T13:10:25","guid":{"rendered":"https:\/\/www.albinfo.ch\/shefi-i-nestle-me-shume-marketing-me-yje-si-dua-lipa\/"},"modified":"2026-04-27T21:56:22","modified_gmt":"2026-04-27T19:56:22","slug":"shefi-i-nestle-me-shume-marketing-me-yje-si-dua-lipa","status":"publish","type":"post","link":"https:\/\/www.albinfo.at\/fr\/shefi-i-nestle-me-shume-marketing-me-yje-si-dua-lipa\/","title":{"rendered":"Le chef de Nestl\u00e9, davantage de marketing avec des stars comme Dua Lipa"},"content":{"rendered":"<p data-start=\"0\" data-end=\"191\">Le g\u00e9ant suisse de l\u2019alimentation Nestl\u00e9 a enregistr\u00e9 des r\u00e9sultats positifs pour le premier trimestre 2026, d\u00e9passant les attentes avec une croissance organique d\u2019environ 3,5%.<\/p>\n<p data-start=\"193\" data-end=\"585\">Apr\u00e8s la publication des r\u00e9sultats, les dirigeants de l\u2019entreprise ont clairement indiqu\u00e9 que la nouvelle strat\u00e9gie se concentre sur l\u2019augmentation des ventes gr\u00e2ce \u00e0 un marketing plus agressif et \u00e0 des marques plus fortes, y compris des collaborations avec des figures connues comme la chanteuse Dua Lipa pour promouvoir des produits tels que Nespresso, \u00e9crit Watson.ch, rapporte albinfo.ch.<\/p>\n<p data-start=\"587\" data-end=\"793\">Dans le m\u00eame temps, l\u2019entreprise r\u00e9duit son attention sur certains segments moins rentables, comme le secteur de l\u2019eau et d\u2019autres cat\u00e9gories non strat\u00e9giques, dans le cadre d\u2019une r\u00e9organisation plus large.<\/p>\n<p data-start=\"795\" data-end=\"1039\">Malgr\u00e9 des d\u00e9fis tels que les tensions g\u00e9opolitiques, les co\u00fbts \u00e9lev\u00e9s de l\u2019\u00e9nergie et la faible performance sur le march\u00e9 chinois, Nestl\u00e9 a r\u00e9ussi \u00e0 maintenir sa croissance gr\u00e2ce \u00e0 ses produits phares comme le caf\u00e9, les aliments et les snacks.<\/p>\n<p data-start=\"1041\" data-end=\"1315\">Les experts estiment que l\u2019entreprise entre dans une nouvelle phase strat\u00e9gique, en mettant davantage l\u2019accent sur les marques mondiales, l\u2019innovation et le marketing, dans le but de relancer la croissance des volumes de vente dans un march\u00e9 de plus en plus concurrentiel.<\/p>\n","protected":false},"excerpt":{"rendered":"<p>Le g\u00e9ant suisse de l\u2019alimentation Nestl\u00e9 a enregistr\u00e9 des r\u00e9sultats positifs pour le premier trimestre 2026, d\u00e9passant les attentes avec une croissance organique d\u2019environ 3,5%. Apr\u00e8s la publication des r\u00e9sultats, les dirigeants de l\u2019entreprise ont clairement indiqu\u00e9 que la nouvelle strat\u00e9gie se concentre sur l\u2019augmentation des ventes gr\u00e2ce \u00e0 un marketing plus agressif et \u00e0 [&hellip;]<\/p>\n","protected":false},"author":14,"featured_media":849763,"comment_status":"closed","ping_status":"closed","sticky":false,"template":"","format":"standard","meta":{"footnotes":""},"categories":[18826,1170],"tags":[],"vendi":[],"content_country":[31835,31838,31840],"class_list":["post-918780","post","type-post","status-publish","format-standard","has-post-thumbnail","hentry","category-lajme-jeta-ne-zvicer-fr","category-vivre-en-suisse","content_country-austria-fr","content_country-germany-fr","content_country-zvicer-fr"],"acf":[],"_links":{"self":[{"href":"https:\/\/www.albinfo.at\/fr\/wp-json\/wp\/v2\/posts\/918780","targetHints":{"allow":["GET"]}}],"collection":[{"href":"https:\/\/www.albinfo.at\/fr\/wp-json\/wp\/v2\/posts"}],"about":[{"href":"https:\/\/www.albinfo.at\/fr\/wp-json\/wp\/v2\/types\/post"}],"author":[{"embeddable":true,"href":"https:\/\/www.albinfo.at\/fr\/wp-json\/wp\/v2\/users\/14"}],"replies":[{"embeddable":true,"href":"https:\/\/www.albinfo.at\/fr\/wp-json\/wp\/v2\/comments?post=918780"}],"version-history":[{"count":2,"href":"https:\/\/www.albinfo.at\/fr\/wp-json\/wp\/v2\/posts\/918780\/revisions"}],"predecessor-version":[{"id":918782,"href":"https:\/\/www.albinfo.at\/fr\/wp-json\/wp\/v2\/posts\/918780\/revisions\/918782"}],"wp:featuredmedia":[{"embeddable":true,"href":"https:\/\/www.albinfo.at\/fr\/wp-json\/wp\/v2\/media\/849763"}],"wp:attachment":[{"href":"https:\/\/www.albinfo.at\/fr\/wp-json\/wp\/v2\/media?parent=918780"}],"wp:term":[{"taxonomy":"category","embeddable":true,"href":"https:\/\/www.albinfo.at\/fr\/wp-json\/wp\/v2\/categories?post=918780"},{"taxonomy":"post_tag","embeddable":true,"href":"https:\/\/www.albinfo.at\/fr\/wp-json\/wp\/v2\/tags?post=918780"},{"taxonomy":"vendi","embeddable":true,"href":"https:\/\/www.albinfo.at\/fr\/wp-json\/wp\/v2\/vendi?post=918780"},{"taxonomy":"content_country","embeddable":true,"href":"https:\/\/www.albinfo.at\/fr\/wp-json\/wp\/v2\/content_country?post=918780"}],"curies":[{"name":"wp","href":"https:\/\/api.w.org\/{rel}","templated":true}]}}