{"id":918610,"date":"2026-04-27T12:15:39","date_gmt":"2026-04-27T10:15:39","guid":{"rendered":"https:\/\/www.albinfo.ch\/angelin-preljocaj-ne-qender-te-nje-mbremjeje-artistike-ne-muzeun-luver\/"},"modified":"2026-04-27T09:20:27","modified_gmt":"2026-04-27T07:20:27","slug":"angelin-preljocaj-ne-qender-te-nje-mbremjeje-artistike-ne-muzeun-luver","status":"publish","type":"post","link":"https:\/\/www.albinfo.at\/fr\/angelin-preljocaj-ne-qender-te-nje-mbremjeje-artistike-ne-muzeun-luver\/","title":{"rendered":"Angelin Preljocaj au centre d\u2019une soir\u00e9e artistique au Mus\u00e9e du Louvre"},"content":{"rendered":"<p data-start=\"0\" data-end=\"260\">Une soir\u00e9e artistique exceptionnelle s\u2019est tenue au Mus\u00e9e du Louvre \u00e0 Paris, o\u00f9 le Ballet de l\u2019Op\u00e9ra de Paris a perform\u00e9 sous la pyramide embl\u00e9matique du mus\u00e9e, dans le cadre de l\u2019exposition &#8220;Michel Ange Rodin Living bodies&#8221;, rapporte albinfo.ch.<\/p>\n<p data-start=\"262\" data-end=\"539\">Au centre de cette soir\u00e9e remarquable se trouvait le chor\u00e9graphe d\u2019origine albanaise Angelin Preljocaj, qui a pr\u00e9sent\u00e9 son \u0153uvre c\u00e9l\u00e8bre &#8220;Le Parc&#8221;, accueillie avec enthousiasme par le public pour son \u00e9l\u00e9gance, sa sensibilit\u00e9 et la force artistique qu\u2019elle a exprim\u00e9e sur sc\u00e8ne.<\/p>\n<p data-start=\"541\" data-end=\"788\">La pr\u00e9sence de Preljocaj dans l\u2019un des espaces culturels les plus prestigieux au monde est consid\u00e9r\u00e9e comme un moment important, non seulement pour sa carri\u00e8re, mais aussi pour la promotion de l\u2019art d\u2019origine albanaise sur la sc\u00e8ne internationale.<\/p>\n<p data-start=\"790\" data-end=\"1141\">Accompagn\u00e9 par les musiciens de l\u2019Orchestre de l\u2019Op\u00e9ra de Paris, l\u2019\u00e9v\u00e9nement a propos\u00e9 deux repr\u00e9sentations jug\u00e9es inoubliables, cr\u00e9ant une interaction particuli\u00e8re entre la danse et l\u2019art sculptural. La soir\u00e9e a mis en lumi\u00e8re la puissance expressive du mouvement, la beaut\u00e9 du corps en dynamique et le dialogue intime entre la danse et la sculpture.<\/p>\n<p data-start=\"1143\" data-end=\"1318\">Le programme artistique comprenait \u00e9galement des \u0153uvres connues telles que &#8220;Rhapsody&#8221; de Frederick Ashton, &#8220;Three Gnossiennes&#8221; de Hans van Manen et &#8220;Supercorps&#8221; de Yvon Demol.<\/p>\n<p data-start=\"1320\" data-end=\"1587\">Cet \u00e9v\u00e9nement in\u00e9dit a une fois de plus confirm\u00e9 le r\u00f4le de Paris comme centre mondial de la culture, tandis que le succ\u00e8s de &#8220;Le Parc&#8221; a d\u00e9montr\u00e9 l\u2019influence et la contribution des artistes d\u2019origine albanaise sur les sc\u00e8nes internationales les plus prestigieuses. \/Albinfo.ch<\/p>\n","protected":false},"excerpt":{"rendered":"<p>Le chor\u00e9graphe d\u2019origine albanaise a pr\u00e9sent\u00e9 l\u2019\u0153uvre &#8220;Le Parc&#8221; sous la pyramide embl\u00e9matique du Louvre, dans le cadre de l\u2019exposition &#8220;Michel Ange Rodin Living bodies&#8221;<\/p>\n","protected":false},"author":31,"featured_media":918262,"comment_status":"closed","ping_status":"closed","sticky":false,"template":"","format":"standard","meta":{"footnotes":""},"categories":[24637,24664,24630,1163,1168],"tags":[],"vendi":[],"content_country":[31835,31838,31840],"class_list":["post-918610","post","type-post","status-publish","format-standard","has-post-thumbnail","hentry","category-nouvelles-fr-4","category-theatre","category-nouvelles","category-fr-e-diaspora","category-culture","content_country-austria-fr","content_country-germany-fr","content_country-zvicer-fr"],"acf":[],"_links":{"self":[{"href":"https:\/\/www.albinfo.at\/fr\/wp-json\/wp\/v2\/posts\/918610","targetHints":{"allow":["GET"]}}],"collection":[{"href":"https:\/\/www.albinfo.at\/fr\/wp-json\/wp\/v2\/posts"}],"about":[{"href":"https:\/\/www.albinfo.at\/fr\/wp-json\/wp\/v2\/types\/post"}],"author":[{"embeddable":true,"href":"https:\/\/www.albinfo.at\/fr\/wp-json\/wp\/v2\/users\/31"}],"replies":[{"embeddable":true,"href":"https:\/\/www.albinfo.at\/fr\/wp-json\/wp\/v2\/comments?post=918610"}],"version-history":[{"count":2,"href":"https:\/\/www.albinfo.at\/fr\/wp-json\/wp\/v2\/posts\/918610\/revisions"}],"predecessor-version":[{"id":918612,"href":"https:\/\/www.albinfo.at\/fr\/wp-json\/wp\/v2\/posts\/918610\/revisions\/918612"}],"wp:featuredmedia":[{"embeddable":true,"href":"https:\/\/www.albinfo.at\/fr\/wp-json\/wp\/v2\/media\/918262"}],"wp:attachment":[{"href":"https:\/\/www.albinfo.at\/fr\/wp-json\/wp\/v2\/media?parent=918610"}],"wp:term":[{"taxonomy":"category","embeddable":true,"href":"https:\/\/www.albinfo.at\/fr\/wp-json\/wp\/v2\/categories?post=918610"},{"taxonomy":"post_tag","embeddable":true,"href":"https:\/\/www.albinfo.at\/fr\/wp-json\/wp\/v2\/tags?post=918610"},{"taxonomy":"vendi","embeddable":true,"href":"https:\/\/www.albinfo.at\/fr\/wp-json\/wp\/v2\/vendi?post=918610"},{"taxonomy":"content_country","embeddable":true,"href":"https:\/\/www.albinfo.at\/fr\/wp-json\/wp\/v2\/content_country?post=918610"}],"curies":[{"name":"wp","href":"https:\/\/api.w.org\/{rel}","templated":true}]}}