{"id":918594,"date":"2026-04-27T10:15:55","date_gmt":"2026-04-27T08:15:55","guid":{"rendered":"https:\/\/www.albinfo.ch\/lea-ypi-zgjidhet-anetare-e-akademise-amerikane-te-arteve-dhe-shkencave\/"},"modified":"2026-04-27T09:05:27","modified_gmt":"2026-04-27T07:05:27","slug":"lea-ypi-zgjidhet-anetare-e-akademise-amerikane-te-arteve-dhe-shkencave","status":"publish","type":"post","link":"https:\/\/www.albinfo.at\/fr\/lea-ypi-zgjidhet-anetare-e-akademise-amerikane-te-arteve-dhe-shkencave\/","title":{"rendered":"Lea Ypi est \u00e9lue membre de l\u2019Acad\u00e9mie am\u00e9ricaine des arts et des sciences"},"content":{"rendered":"<p data-start=\"0\" data-end=\"255\">L\u2019acad\u00e9micienne et \u00e9crivaine albanaise Lea Ypi a \u00e9t\u00e9 \u00e9lue membre de l\u2019Acad\u00e9mie am\u00e9ricaine des arts et des sciences, l\u2019une des organisations intellectuelles et acad\u00e9miques les plus prestigieuses des \u00c9tats Unis d\u2019Am\u00e9rique, rapporte albinfo.ch.<\/p>\n<p data-start=\"257\" data-end=\"566\">La nouvelle a \u00e9t\u00e9 annonc\u00e9e par Ypi elle m\u00eame \u00e0 travers un message sur les r\u00e9seaux sociaux, o\u00f9 elle a qualifi\u00e9 cette \u00e9lection comme un grand honneur, mais aussi comme une responsabilit\u00e9 pour d\u00e9fendre le r\u00f4le du savoir et les valeurs des Lumi\u00e8res \u00e0 une \u00e9poque o\u00f9, selon elle, ces principes sont mis \u00e0 l\u2019\u00e9preuve.<\/p>\n<p data-start=\"568\" data-end=\"840\">Elle a soulign\u00e9 que la mission de l\u2019Acad\u00e9mie, qui vise \u00e0 promouvoir l\u2019int\u00e9r\u00eat, la dignit\u00e9 et le bien \u00eatre d\u2019une soci\u00e9t\u00e9 libre, est particuli\u00e8rement importante aujourd\u2019hui, alors que la libert\u00e9 acad\u00e9mique et l\u2019autonomie des universit\u00e9s font face \u00e0 des pressions constantes.<\/p>\n<p data-start=\"842\" data-end=\"1104\">L\u2019Acad\u00e9mie am\u00e9ricaine des arts et des sciences a \u00e9t\u00e9 fond\u00e9e en 1780 et compte parmi ses membres, au fil des ann\u00e9es, des figures mondiales telles que Benjamin Franklin, Alexander Hamilton, Charles Darwin, Albert Einstein, Martin Luther King Jr et Jacques Derrida.<\/p>\n<p data-start=\"1106\" data-end=\"1331\">Il s\u2019agit d\u2019une nouvelle reconnaissance internationale pour Lea Ypi, qui avait \u00e9galement \u00e9t\u00e9 \u00e9lue Fellow de la British Academy en 2024, renfor\u00e7ant davantage son profil dans le monde acad\u00e9mique et intellectuel international. \/Albinfo.Ch<\/p>\n","protected":false},"excerpt":{"rendered":"<p>L\u2019\u00e9crivaine et acad\u00e9micienne albanaise a qualifi\u00e9 cette distinction d\u2019honneur et de responsabilit\u00e9 \u00e0 un moment o\u00f9 la libert\u00e9 acad\u00e9mique est mise \u00e0 l\u2019\u00e9preuve<\/p>\n","protected":false},"author":31,"featured_media":917579,"comment_status":"closed","ping_status":"closed","sticky":false,"template":"","format":"standard","meta":{"footnotes":""},"categories":[24637,24630,1163],"tags":[],"vendi":[],"content_country":[31835,31838,31840],"class_list":["post-918594","post","type-post","status-publish","format-standard","has-post-thumbnail","hentry","category-nouvelles-fr-4","category-nouvelles","category-fr-e-diaspora","content_country-austria-fr","content_country-germany-fr","content_country-zvicer-fr"],"acf":[],"_links":{"self":[{"href":"https:\/\/www.albinfo.at\/fr\/wp-json\/wp\/v2\/posts\/918594","targetHints":{"allow":["GET"]}}],"collection":[{"href":"https:\/\/www.albinfo.at\/fr\/wp-json\/wp\/v2\/posts"}],"about":[{"href":"https:\/\/www.albinfo.at\/fr\/wp-json\/wp\/v2\/types\/post"}],"author":[{"embeddable":true,"href":"https:\/\/www.albinfo.at\/fr\/wp-json\/wp\/v2\/users\/31"}],"replies":[{"embeddable":true,"href":"https:\/\/www.albinfo.at\/fr\/wp-json\/wp\/v2\/comments?post=918594"}],"version-history":[{"count":2,"href":"https:\/\/www.albinfo.at\/fr\/wp-json\/wp\/v2\/posts\/918594\/revisions"}],"predecessor-version":[{"id":918596,"href":"https:\/\/www.albinfo.at\/fr\/wp-json\/wp\/v2\/posts\/918594\/revisions\/918596"}],"wp:featuredmedia":[{"embeddable":true,"href":"https:\/\/www.albinfo.at\/fr\/wp-json\/wp\/v2\/media\/917579"}],"wp:attachment":[{"href":"https:\/\/www.albinfo.at\/fr\/wp-json\/wp\/v2\/media?parent=918594"}],"wp:term":[{"taxonomy":"category","embeddable":true,"href":"https:\/\/www.albinfo.at\/fr\/wp-json\/wp\/v2\/categories?post=918594"},{"taxonomy":"post_tag","embeddable":true,"href":"https:\/\/www.albinfo.at\/fr\/wp-json\/wp\/v2\/tags?post=918594"},{"taxonomy":"vendi","embeddable":true,"href":"https:\/\/www.albinfo.at\/fr\/wp-json\/wp\/v2\/vendi?post=918594"},{"taxonomy":"content_country","embeddable":true,"href":"https:\/\/www.albinfo.at\/fr\/wp-json\/wp\/v2\/content_country?post=918594"}],"curies":[{"name":"wp","href":"https:\/\/api.w.org\/{rel}","templated":true}]}}