{"id":918553,"date":"2026-04-26T13:20:37","date_gmt":"2026-04-26T11:20:37","guid":{"rendered":"https:\/\/www.albinfo.ch\/the-guestkeepers-sjell-mikpritjen-kosovare-ne-zvicer-nje-fundjave-kulturore-e-pasur-me-dialog-dhe-interaktivitet\/"},"modified":"2026-04-26T21:41:38","modified_gmt":"2026-04-26T19:41:38","slug":"the-guestkeepers-sjell-mikpritjen-kosovare-ne-zvicer-nje-fundjave-kulturore-e-pasur-me-dialog-dhe-interaktivitet","status":"publish","type":"post","link":"https:\/\/www.albinfo.at\/fr\/the-guestkeepers-sjell-mikpritjen-kosovare-ne-zvicer-nje-fundjave-kulturore-e-pasur-me-dialog-dhe-interaktivitet\/","title":{"rendered":"\u201cThe Guestkeepers\u201d fait d\u00e9couvrir l\u2019hospitalit\u00e9 kosovare en Suisse, un week end culturel riche en dialogue et en interactivit\u00e9"},"content":{"rendered":"<p data-start=\"0\" data-end=\"583\">Le projet &#8220;The Guestkeepers, Amis des visiteurs, o\u00f9 chaque visiteur devient un ami&#8221;, une initiative soutenue par le minist\u00e8re de la Culture, de la Jeunesse et des Sports du Kosovo et mise en \u0153uvre par ABSM Centre \u00e9ducatif et consultatif, a \u00e9t\u00e9 pr\u00e9sent\u00e9 ce week end aux participants de la diaspora albanaise en Suisse. Le projet vise \u00e0 former les jeunes comme \u201cambassadeurs de l\u2019hospitalit\u00e9&#8221;, en int\u00e9grant le patrimoine culturel et le tourisme moderne, tout en \u00e9tablissant des standards professionnels pour les services touristiques \u00e0 travers la plateforme &#8220;Kosova INN&#8221;.<\/p>\n<p data-start=\"585\" data-end=\"946\">Du 27 au 29 mars 2026, trois grandes villes de Suisse Gen\u00e8ve, Berne et Zurich sont devenues le th\u00e9\u00e2tre d\u2019un week end culturel riche en pr\u00e9sentations, questions, discussions et suggestions d\u2019un public tr\u00e8s interactif. Le public n\u2019\u00e9tait pas simplement auditeur, mais un partenaire actif dans le dialogue sur le d\u00e9veloppement du tourisme et la promotion du Kosovo.<\/p>\n<p data-start=\"948\" data-end=\"1000\"><strong>Un projet qui transforme l\u2019hospitalit\u00e9 en profession<\/strong><\/p>\n<p data-start=\"1002\" data-end=\"1251\">Au c\u0153ur de ce week end se trouvait le projet &#8220;The Guestkeepers&#8221;, qui vise \u00e0 former les jeunes au Kosovo comme &#8220;ambassadeurs de l\u2019hospitalit\u00e9&#8221;, en leur offrant des comp\u00e9tences professionnelles pour proposer des exp\u00e9riences authentiques aux visiteurs.<\/p>\n<p data-start=\"1253\" data-end=\"1479\">Ce projet combine des \u00e9l\u00e9ments du patrimoine culturel, des m\u00e9tiers traditionnels et du tourisme moderne, avec l\u2019objectif de positionner le Kosovo comme une destination unique et durable sur la carte touristique internationale.<\/p>\n<p data-start=\"1481\" data-end=\"1692\">\u00c0 travers la plateforme &#8220;Kosova INN&#8221;, le projet vise \u00e9galement \u00e0 \u00e9tablir de nouveaux standards de qualit\u00e9 dans le secteur de l\u2019hospitalit\u00e9, en cr\u00e9ant un r\u00e9seau structur\u00e9 de prestataires de services touristiques.<\/p>\n<p data-start=\"1694\" data-end=\"1765\"><strong>Gen\u00e8ve ouverture institutionnelle d\u2019une initiative porteuse de vision<\/strong><\/p>\n<p><a href=\"https:\/\/www.albinfo.ch\/wp-content\/uploads\/2026\/04\/bild15.jpg\"><img loading=\"lazy\" decoding=\"async\" class=\"alignnone wp-image-918187\" src=\"https:\/\/www.albinfo.ch\/wp-content\/uploads\/2026\/04\/bild15.jpg\" alt=\"\" width=\"600\" height=\"450\" srcset=\"https:\/\/www.albinfo.at\/wp-content\/uploads\/2026\/04\/bild15.jpg 576w, https:\/\/www.albinfo.at\/wp-content\/uploads\/2026\/04\/bild15-300x225.jpg 300w, https:\/\/www.albinfo.at\/wp-content\/uploads\/2026\/04\/bild15-528x396.jpg 528w, https:\/\/www.albinfo.at\/wp-content\/uploads\/2026\/04\/bild15-133x100.jpg 133w, https:\/\/www.albinfo.at\/wp-content\/uploads\/2026\/04\/bild15-233x175.jpg 233w\" sizes=\"auto, (max-width: 600px) 100vw, 600px\" \/><\/a><\/p>\n<p><a href=\"https:\/\/www.albinfo.ch\/wp-content\/uploads\/2026\/04\/bild13.jpg\"><img loading=\"lazy\" decoding=\"async\" class=\"alignnone wp-image-918180\" src=\"https:\/\/www.albinfo.ch\/wp-content\/uploads\/2026\/04\/bild13.jpg\" alt=\"\" width=\"600\" height=\"450\" srcset=\"https:\/\/www.albinfo.at\/wp-content\/uploads\/2026\/04\/bild13.jpg 579w, https:\/\/www.albinfo.at\/wp-content\/uploads\/2026\/04\/bild13-300x225.jpg 300w, https:\/\/www.albinfo.at\/wp-content\/uploads\/2026\/04\/bild13-528x396.jpg 528w, https:\/\/www.albinfo.at\/wp-content\/uploads\/2026\/04\/bild13-133x100.jpg 133w, https:\/\/www.albinfo.at\/wp-content\/uploads\/2026\/04\/bild13-233x175.jpg 233w\" sizes=\"auto, (max-width: 600px) 100vw, 600px\" \/><\/a><\/p>\n<p data-start=\"0\" data-end=\"353\">Les activit\u00e9s ont d\u00e9but\u00e9 au Consulat g\u00e9n\u00e9ral du Kosovo \u00e0 Gen\u00e8ve, o\u00f9 a eu lieu la premi\u00e8re pr\u00e9sentation officielle du projet devant la diaspora. La consule Floreta Kabashi a salu\u00e9 le public et f\u00e9licit\u00e9 les organisateurs pour cette initiative, en soulignant l\u2019importance de promouvoir le Kosovo \u00e0 travers la diaspora et le tourisme culturel.<\/p>\n<p data-start=\"355\" data-end=\"795\">Krenare Rizvanolli Sina et Nazmi Jakurti ont pr\u00e9sent\u00e9 la vision du projet, former les jeunes comme ambassadeurs de l\u2019hospitalit\u00e9, relier le tourisme au patrimoine culturel et \u00e9tablir des standards professionnels \u00e0 travers la plateforme &#8220;Kosova INN&#8221;. Les r\u00e9actions du public ont \u00e9t\u00e9 imm\u00e9diates, avec des \u00e9loges et des applaudissements pour chaque id\u00e9e innovante, ainsi que des discussions dynamiques sur des moyens concrets de mise en \u0153uvre.<\/p>\n<p data-start=\"797\" data-end=\"1001\">Lors de cette rencontre, l\u2019importance de l\u2019implication de la diaspora dans la promotion du Kosovo comme destination touristique a \u00e9t\u00e9 soulign\u00e9e, ainsi que son r\u00f4le de passerelle entre le pays et le monde.<\/p>\n<p data-start=\"1003\" data-end=\"1115\">L\u2019atmosph\u00e8re institutionnelle de l\u2019\u00e9v\u00e9nement a donn\u00e9 au projet une dimension diplomatique et strat\u00e9gique claire.<\/p>\n<p data-start=\"1117\" data-end=\"1164\"><strong>Berne, la rencontre entre culture et tourisme<\/strong><\/p>\n<p><a href=\"https:\/\/www.albinfo.ch\/wp-content\/uploads\/2026\/04\/bild1.jpg\"><img loading=\"lazy\" decoding=\"async\" class=\"alignnone wp-image-918144\" src=\"https:\/\/www.albinfo.ch\/wp-content\/uploads\/2026\/04\/bild1.jpg\" alt=\"\" width=\"600\" height=\"414\" srcset=\"https:\/\/www.albinfo.at\/wp-content\/uploads\/2026\/04\/bild1.jpg 593w, https:\/\/www.albinfo.at\/wp-content\/uploads\/2026\/04\/bild1-300x207.jpg 300w, https:\/\/www.albinfo.at\/wp-content\/uploads\/2026\/04\/bild1-574x396.jpg 574w, https:\/\/www.albinfo.at\/wp-content\/uploads\/2026\/04\/bild1-145x100.jpg 145w, https:\/\/www.albinfo.at\/wp-content\/uploads\/2026\/04\/bild1-254x175.jpg 254w\" sizes=\"auto, (max-width: 600px) 100vw, 600px\" \/><\/a><\/p>\n<p><a href=\"https:\/\/www.albinfo.ch\/wp-content\/uploads\/2026\/04\/bild3.jpg\"><img loading=\"lazy\" decoding=\"async\" class=\"alignnone wp-image-918150\" src=\"https:\/\/www.albinfo.ch\/wp-content\/uploads\/2026\/04\/bild3.jpg\" alt=\"\" width=\"600\" height=\"544\" srcset=\"https:\/\/www.albinfo.at\/wp-content\/uploads\/2026\/04\/bild3.jpg 587w, https:\/\/www.albinfo.at\/wp-content\/uploads\/2026\/04\/bild3-300x272.jpg 300w, https:\/\/www.albinfo.at\/wp-content\/uploads\/2026\/04\/bild3-437x396.jpg 437w, https:\/\/www.albinfo.at\/wp-content\/uploads\/2026\/04\/bild3-310x280.jpg 310w, https:\/\/www.albinfo.at\/wp-content\/uploads\/2026\/04\/bild3-110x100.jpg 110w, https:\/\/www.albinfo.at\/wp-content\/uploads\/2026\/04\/bild3-193x175.jpg 193w\" sizes=\"auto, (max-width: 600px) 100vw, 600px\" \/><\/a><\/p>\n<p data-start=\"0\" data-end=\"192\">La deuxi\u00e8me \u00e9tape \u00e0 Berne a offert l\u2019un des moments les plus importants du week end, o\u00f9 le projet a \u00e9t\u00e9 pr\u00e9sent\u00e9 dans le cadre d\u2019une soir\u00e9e culturelle r\u00e9unissant un large public.<\/p>\n<p data-start=\"194\" data-end=\"355\">Apr\u00e8s la promotion d\u2019un livre, l\u2019attention s\u2019est tourn\u00e9e vers le projet &#8220;The Guestkeepers, Amis des visiteurs&#8221;, pr\u00e9sent\u00e9 par Krenare Rizvanolli et Nazmi Jakurti.<\/p>\n<p data-start=\"357\" data-end=\"636\">Lors de la pr\u00e9sentation, il a \u00e9t\u00e9 soulign\u00e9 que le projet vise non seulement le d\u00e9veloppement du tourisme, mais aussi la cr\u00e9ation d\u2019une nouvelle identit\u00e9 de l\u2019hospitalit\u00e9 kosovare, fond\u00e9e sur le professionnalisme, l\u2019authenticit\u00e9 et une exp\u00e9rience personnalis\u00e9e pour les visiteurs.<\/p>\n<p data-start=\"638\" data-end=\"821\">Les participants ont montr\u00e9 un grand int\u00e9r\u00eat, en prenant part activement aux discussions et en partageant des id\u00e9es et des suggestions concr\u00e8tes pour le d\u00e9veloppement futur du projet.<\/p>\n<p data-start=\"823\" data-end=\"1234\">Les propositions ont afflu\u00e9 de toute la salle, certains ont sugg\u00e9r\u00e9 des id\u00e9es pour les programmes de formation, d\u2019autres pour les strat\u00e9gies de promotion aupr\u00e8s des touristes, et tous ont exprim\u00e9 leur appr\u00e9ciation pour cette initiative. Les participants se sont sentis partie int\u00e9grante du projet, cr\u00e9ant une atmosph\u00e8re particuli\u00e8re de collaboration qui a fait de Berne un centre d\u2019interactivit\u00e9 et de dialogue.<\/p>\n<p data-start=\"1236\" data-end=\"1382\">Le projet a clairement d\u00e9montr\u00e9 que la culture et le tourisme peuvent fonctionner comme deux piliers \u00e9troitement li\u00e9s dans la promotion d\u2019un pays.<\/p>\n<p data-start=\"1384\" data-end=\"1440\"><strong>Zurich consolidation de la vision et de la coop\u00e9ration<\/strong><\/p>\n<p><a href=\"https:\/\/www.albinfo.ch\/wp-content\/uploads\/2026\/04\/bild8.jpg\"><img loading=\"lazy\" decoding=\"async\" class=\"alignnone wp-image-918165\" src=\"https:\/\/www.albinfo.ch\/wp-content\/uploads\/2026\/04\/bild8.jpg\" alt=\"\" width=\"600\" height=\"450\" srcset=\"https:\/\/www.albinfo.at\/wp-content\/uploads\/2026\/04\/bild8.jpg 580w, https:\/\/www.albinfo.at\/wp-content\/uploads\/2026\/04\/bild8-300x225.jpg 300w, https:\/\/www.albinfo.at\/wp-content\/uploads\/2026\/04\/bild8-528x396.jpg 528w, https:\/\/www.albinfo.at\/wp-content\/uploads\/2026\/04\/bild8-133x100.jpg 133w, https:\/\/www.albinfo.at\/wp-content\/uploads\/2026\/04\/bild8-233x175.jpg 233w\" sizes=\"auto, (max-width: 600px) 100vw, 600px\" \/><\/a><\/p>\n<p><a href=\"https:\/\/www.albinfo.ch\/wp-content\/uploads\/2026\/04\/bild7.jpg\"><img loading=\"lazy\" decoding=\"async\" class=\"alignnone wp-image-918162\" src=\"https:\/\/www.albinfo.ch\/wp-content\/uploads\/2026\/04\/bild7.jpg\" alt=\"\" width=\"600\" height=\"497\" srcset=\"https:\/\/www.albinfo.at\/wp-content\/uploads\/2026\/04\/bild7.jpg 523w, https:\/\/www.albinfo.at\/wp-content\/uploads\/2026\/04\/bild7-300x248.jpg 300w, https:\/\/www.albinfo.at\/wp-content\/uploads\/2026\/04\/bild7-478x396.jpg 478w, https:\/\/www.albinfo.at\/wp-content\/uploads\/2026\/04\/bild7-121x100.jpg 121w, https:\/\/www.albinfo.at\/wp-content\/uploads\/2026\/04\/bild7-211x175.jpg 211w\" sizes=\"auto, (max-width: 600px) 100vw, 600px\" \/><\/a><\/p>\n<p data-start=\"0\" data-end=\"304\">Le week end s\u2019est cl\u00f4tur\u00e9 au Consulat g\u00e9n\u00e9ral du Kosovo \u00e0 Zurich, o\u00f9 le projet a \u00e9t\u00e9 pr\u00e9sent\u00e9 devant un public engag\u00e9 et int\u00e9ress\u00e9. Le consul g\u00e9n\u00e9ral Vigan Berisha a f\u00e9licit\u00e9 les organisateurs et a soulign\u00e9 l\u2019importance du projet pour la promotion du Kosovo et l\u2019implication de la diaspora.<\/p>\n<p data-start=\"306\" data-end=\"403\">Lors de cette pr\u00e9sentation, les objectifs \u00e0 long terme du projet ont \u00e9t\u00e9 mis en avant, notamment:<\/p>\n<p data-start=\"405\" data-end=\"577\">la professionnalisation du secteur de l\u2019hospitalit\u00e9<br data-start=\"456\" data-end=\"459\" \/>la cr\u00e9ation de standards durables dans le tourisme<br data-start=\"509\" data-end=\"512\" \/>l\u2019implication active de la diaspora dans la promotion du Kosovo<\/p>\n<p data-start=\"579\" data-end=\"766\">Les discussions ouvertes avec les participants ont apport\u00e9 de nouvelles perspectives et des id\u00e9es concr\u00e8tes, faisant de cet \u00e9v\u00e9nement un moment important de r\u00e9flexion et de d\u00e9veloppement.<\/p>\n<p data-start=\"768\" data-end=\"814\"><strong>La diaspora comme facteur cl\u00e9 du d\u00e9veloppement<\/strong><\/p>\n<p data-start=\"816\" data-end=\"931\">L\u2019un des \u00e9l\u00e9ments les plus marquants de ce week end culturel a \u00e9t\u00e9 l\u2019engagement de la diaspora albanaise en Suisse.<\/p>\n<p data-start=\"933\" data-end=\"1156\">Dans les trois villes, un grand int\u00e9r\u00eat pour le projet a \u00e9t\u00e9 observ\u00e9, ainsi qu\u2019une volont\u00e9 de contribuer sous diff\u00e9rentes formes, que ce soit par la promotion, la coop\u00e9ration ou l\u2019investissement dans le secteur du tourisme.<\/p>\n<p data-start=\"1158\" data-end=\"1566\">L\u2019interactivit\u00e9 du public, les questions, les suggestions et les appr\u00e9ciations constantes montrent que l\u2019hospitalit\u00e9 kosovare poss\u00e8de un potentiel exceptionnel pour relier les personnes, construire des communaut\u00e9s et promouvoir le Kosovo dans le monde. Ce week end n\u2019a pas \u00e9t\u00e9 simplement un \u00e9v\u00e9nement, mais une exp\u00e9rience partag\u00e9e, une histoire qui s\u2019\u00e9crit en direct et o\u00f9 chaque participant laisse sa trace.<\/p>\n<p data-start=\"1568\" data-end=\"1686\">Cet engagement d\u00e9montre que la diaspora reste un facteur cl\u00e9 dans le d\u00e9veloppement \u00e9conomique et culturel du Kosovo.<\/p>\n<p><a href=\"https:\/\/www.albinfo.ch\/wp-content\/uploads\/2026\/04\/bild6.jpg\"><img loading=\"lazy\" decoding=\"async\" class=\"alignnone wp-image-918159\" src=\"https:\/\/www.albinfo.ch\/wp-content\/uploads\/2026\/04\/bild6.jpg\" alt=\"\" width=\"600\" height=\"425\" srcset=\"https:\/\/www.albinfo.at\/wp-content\/uploads\/2026\/04\/bild6.jpg 622w, https:\/\/www.albinfo.at\/wp-content\/uploads\/2026\/04\/bild6-300x213.jpg 300w, https:\/\/www.albinfo.at\/wp-content\/uploads\/2026\/04\/bild6-559x396.jpg 559w, https:\/\/www.albinfo.at\/wp-content\/uploads\/2026\/04\/bild6-141x100.jpg 141w, https:\/\/www.albinfo.at\/wp-content\/uploads\/2026\/04\/bild6-247x175.jpg 247w\" sizes=\"auto, (max-width: 600px) 100vw, 600px\" \/><\/a><\/p>\n<p><a href=\"https:\/\/www.albinfo.ch\/wp-content\/uploads\/2026\/04\/bild10.jpg\"><img loading=\"lazy\" decoding=\"async\" class=\"alignnone wp-image-918171\" src=\"https:\/\/www.albinfo.ch\/wp-content\/uploads\/2026\/04\/bild10.jpg\" alt=\"\" width=\"600\" height=\"574\" srcset=\"https:\/\/www.albinfo.at\/wp-content\/uploads\/2026\/04\/bild10.jpg 530w, https:\/\/www.albinfo.at\/wp-content\/uploads\/2026\/04\/bild10-300x287.jpg 300w, https:\/\/www.albinfo.at\/wp-content\/uploads\/2026\/04\/bild10-414x396.jpg 414w, https:\/\/www.albinfo.at\/wp-content\/uploads\/2026\/04\/bild10-105x100.jpg 105w, https:\/\/www.albinfo.at\/wp-content\/uploads\/2026\/04\/bild10-183x175.jpg 183w\" sizes=\"auto, (max-width: 600px) 100vw, 600px\" \/><\/a><\/p>\n<p data-start=\"0\" data-end=\"63\"><strong>Un pas vers la promotion internationale du Kosovo<\/strong><\/p>\n<p data-start=\"65\" data-end=\"337\">Le week end culturel en Suisse n\u2019a pas \u00e9t\u00e9 seulement une s\u00e9rie de pr\u00e9sentations, mais un effort bien organis\u00e9 pour construire une nouvelle image du Kosovo, celle d\u2019un pays avec un grand potentiel touristique, une culture riche et des habitants pr\u00eats \u00e0 accueillir le monde.<\/p>\n<p data-start=\"339\" data-end=\"565\">Le projet &#8220;The Guestkeepers&#8221; repr\u00e9sente une \u00e9tape concr\u00e8te dans cette direction, en proposant un mod\u00e8le innovant qui transforme l\u2019hospitalit\u00e9 d\u2019une tradition en une profession et d\u2019une valeur culturelle en un atout \u00e9conomique.<\/p>\n<p data-start=\"567\" data-end=\"775\">Les trois \u00e9v\u00e9nements \u00e0 Gen\u00e8ve, Berne et Zurich ont montr\u00e9 que lorsque la culture, le tourisme et la diaspora se rejoignent, de nouvelles opportunit\u00e9s de d\u00e9veloppement et de promotion internationale se cr\u00e9ent.<\/p>\n<p data-start=\"777\" data-end=\"978\">&#8220;The Guestkeepers, Amis des visiteurs&#8221; n\u2019est pas seulement un projet, mais une vision pour l\u2019avenir du tourisme au Kosovo, o\u00f9 chaque visiteur ne reste pas simplement un touriste, mais devient un ami.<\/p>\n<p>&nbsp;<\/p>\n","protected":false},"excerpt":{"rendered":"<p>Au c\u0153ur de ce week end se trouvait le projet &#8220;The Guestkeepers&#8221;, qui vise \u00e0 former les jeunes au Kosovo comme &#8220;ambassadeurs de l\u2019hospitalit\u00e9&#8221;<\/p>\n","protected":false},"author":4,"featured_media":918148,"comment_status":"closed","ping_status":"closed","sticky":false,"template":"","format":"standard","meta":{"footnotes":""},"categories":[24637,1160,1161,3949,24630,1159,1163],"tags":[],"vendi":[],"content_country":[31835,31838,31840],"class_list":["post-918553","post","type-post","status-publish","format-standard","has-post-thumbnail","hentry","category-nouvelles-fr-4","category-actuel","category-investissement","category-kosova-fr","category-nouvelles","category-ch-balkans","category-fr-e-diaspora","content_country-austria-fr","content_country-germany-fr","content_country-zvicer-fr"],"acf":[],"_links":{"self":[{"href":"https:\/\/www.albinfo.at\/fr\/wp-json\/wp\/v2\/posts\/918553","targetHints":{"allow":["GET"]}}],"collection":[{"href":"https:\/\/www.albinfo.at\/fr\/wp-json\/wp\/v2\/posts"}],"about":[{"href":"https:\/\/www.albinfo.at\/fr\/wp-json\/wp\/v2\/types\/post"}],"author":[{"embeddable":true,"href":"https:\/\/www.albinfo.at\/fr\/wp-json\/wp\/v2\/users\/4"}],"replies":[{"embeddable":true,"href":"https:\/\/www.albinfo.at\/fr\/wp-json\/wp\/v2\/comments?post=918553"}],"version-history":[{"count":2,"href":"https:\/\/www.albinfo.at\/fr\/wp-json\/wp\/v2\/posts\/918553\/revisions"}],"predecessor-version":[{"id":918555,"href":"https:\/\/www.albinfo.at\/fr\/wp-json\/wp\/v2\/posts\/918553\/revisions\/918555"}],"wp:featuredmedia":[{"embeddable":true,"href":"https:\/\/www.albinfo.at\/fr\/wp-json\/wp\/v2\/media\/918148"}],"wp:attachment":[{"href":"https:\/\/www.albinfo.at\/fr\/wp-json\/wp\/v2\/media?parent=918553"}],"wp:term":[{"taxonomy":"category","embeddable":true,"href":"https:\/\/www.albinfo.at\/fr\/wp-json\/wp\/v2\/categories?post=918553"},{"taxonomy":"post_tag","embeddable":true,"href":"https:\/\/www.albinfo.at\/fr\/wp-json\/wp\/v2\/tags?post=918553"},{"taxonomy":"vendi","embeddable":true,"href":"https:\/\/www.albinfo.at\/fr\/wp-json\/wp\/v2\/vendi?post=918553"},{"taxonomy":"content_country","embeddable":true,"href":"https:\/\/www.albinfo.at\/fr\/wp-json\/wp\/v2\/content_country?post=918553"}],"curies":[{"name":"wp","href":"https:\/\/api.w.org\/{rel}","templated":true}]}}