{"id":918545,"date":"2026-04-26T12:10:04","date_gmt":"2026-04-26T10:10:04","guid":{"rendered":"https:\/\/www.albinfo.ch\/me-103-vota-kuvendi-ratifikon-anetaresimin-e-kosoves-ne-bordin-e-paqes\/"},"modified":"2026-04-26T21:25:58","modified_gmt":"2026-04-26T19:25:58","slug":"me-103-vota-kuvendi-ratifikon-anetaresimin-e-kosoves-ne-bordin-e-paqes","status":"publish","type":"post","link":"https:\/\/www.albinfo.at\/fr\/me-103-vota-kuvendi-ratifikon-anetaresimin-e-kosoves-ne-bordin-e-paqes\/","title":{"rendered":"Avec 103 voix, l\u2019Assembl\u00e9e ratifie l\u2019adh\u00e9sion du Kosovo au Conseil de la paix"},"content":{"rendered":"<p data-start=\"0\" data-end=\"160\">Le Parlement du Kosovo a adopt\u00e9 le projet de loi par lequel le Kosovo est officiellement devenu membre du Conseil de la paix, rapporte albinfo.ch.<\/p>\n<p data-start=\"162\" data-end=\"311\">L\u2019adh\u00e9sion a \u00e9t\u00e9 vot\u00e9e avec 103 voix pour, aucune contre et aucune abstention, refl\u00e9tant un large soutien au sein de l\u2019Assembl\u00e9e pour cette d\u00e9cision.<\/p>\n<p data-start=\"313\" data-end=\"515\">Cette \u00e9tape est consid\u00e9r\u00e9e comme importante pour renforcer le r\u00f4le du Kosovo dans les initiatives internationales li\u00e9es \u00e0 la promotion de la paix, de la stabilit\u00e9 et de la coop\u00e9ration entre les \u00c9tats.\/Albinfo.ch<\/p>\n","protected":false},"excerpt":{"rendered":"<p>Le Parlement adopte le projet de loi, le Kosovo devient membre du Conseil de la paix<\/p>\n","protected":false},"author":31,"featured_media":457738,"comment_status":"closed","ping_status":"closed","sticky":false,"template":"","format":"standard","meta":{"footnotes":""},"categories":[23271,3949,23270,24630,1159],"tags":[],"vendi":[],"content_country":[31835,31838,31840],"class_list":["post-918545","post","type-post","status-publish","format-standard","has-post-thumbnail","hentry","category-kosovo","category-kosova-fr","category-at-balkani-fr","category-nouvelles","category-ch-balkans","content_country-austria-fr","content_country-germany-fr","content_country-zvicer-fr"],"acf":[],"_links":{"self":[{"href":"https:\/\/www.albinfo.at\/fr\/wp-json\/wp\/v2\/posts\/918545","targetHints":{"allow":["GET"]}}],"collection":[{"href":"https:\/\/www.albinfo.at\/fr\/wp-json\/wp\/v2\/posts"}],"about":[{"href":"https:\/\/www.albinfo.at\/fr\/wp-json\/wp\/v2\/types\/post"}],"author":[{"embeddable":true,"href":"https:\/\/www.albinfo.at\/fr\/wp-json\/wp\/v2\/users\/31"}],"replies":[{"embeddable":true,"href":"https:\/\/www.albinfo.at\/fr\/wp-json\/wp\/v2\/comments?post=918545"}],"version-history":[{"count":2,"href":"https:\/\/www.albinfo.at\/fr\/wp-json\/wp\/v2\/posts\/918545\/revisions"}],"predecessor-version":[{"id":918547,"href":"https:\/\/www.albinfo.at\/fr\/wp-json\/wp\/v2\/posts\/918545\/revisions\/918547"}],"wp:featuredmedia":[{"embeddable":true,"href":"https:\/\/www.albinfo.at\/fr\/wp-json\/wp\/v2\/media\/457738"}],"wp:attachment":[{"href":"https:\/\/www.albinfo.at\/fr\/wp-json\/wp\/v2\/media?parent=918545"}],"wp:term":[{"taxonomy":"category","embeddable":true,"href":"https:\/\/www.albinfo.at\/fr\/wp-json\/wp\/v2\/categories?post=918545"},{"taxonomy":"post_tag","embeddable":true,"href":"https:\/\/www.albinfo.at\/fr\/wp-json\/wp\/v2\/tags?post=918545"},{"taxonomy":"vendi","embeddable":true,"href":"https:\/\/www.albinfo.at\/fr\/wp-json\/wp\/v2\/vendi?post=918545"},{"taxonomy":"content_country","embeddable":true,"href":"https:\/\/www.albinfo.at\/fr\/wp-json\/wp\/v2\/content_country?post=918545"}],"curies":[{"name":"wp","href":"https:\/\/api.w.org\/{rel}","templated":true}]}}