{"id":918537,"date":"2026-04-26T11:10:28","date_gmt":"2026-04-26T09:10:28","guid":{"rendered":"https:\/\/www.albinfo.ch\/xherdan-shaqiri-lendohet-ne-stervitje-mungon-ndaj-fc-sion\/"},"modified":"2026-04-26T21:20:51","modified_gmt":"2026-04-26T19:20:51","slug":"xherdan-shaqiri-lendohet-ne-stervitje-mungon-ndaj-fc-sion","status":"publish","type":"post","link":"https:\/\/www.albinfo.at\/fr\/xherdan-shaqiri-lendohet-ne-stervitje-mungon-ndaj-fc-sion\/","title":{"rendered":"Xherdan Shaqiri se blesse \u00e0 l\u2019entra\u00eenement et manque le match contre le FC Sion"},"content":{"rendered":"<p data-start=\"0\" data-end=\"136\">Le capitaine du FC B\u00e2le, Xherdan Shaqiri, s\u2019est bless\u00e9 lors de l\u2019entra\u00eenement du mardi 21 avril 2026, rapporte albinfo.ch.<\/p>\n<p data-start=\"138\" data-end=\"337\">Selon le communiqu\u00e9 du club, Shaqiri a subi une l\u00e9g\u00e8re l\u00e9sion musculaire structurelle \u00e0 l\u2019arri\u00e8re de la cuisse droite, ce qui le rend indisponible pour le prochain match \u00e0 domicile contre le FC Sion.<\/p>\n<p data-start=\"339\" data-end=\"466\">Le FC B\u00e2le a indiqu\u00e9 que son absence pourrait durer \u043d\u0435\u0441\u043a\u043e\u043b\u044c\u043a\u043e semaines, en fonction de sa r\u00e9cup\u00e9ration et de son \u00e9tat physique.<\/p>\n<p data-start=\"468\" data-end=\"587\">Shaqiri est l\u2019une des figures cl\u00e9s de l\u2019\u00e9quipe et son absence devrait se faire sentir lors des prochaines rencontres.<\/p>\n<p class=\"p1\">\/Albinfo.ch<\/p>\n","protected":false},"excerpt":{"rendered":"<p>Le capitaine de B\u00e2le subit une blessure musculaire et devrait \u00eatre absent des terrains pendant \u043d\u0435\u0441\u043a\u043e\u043b\u044c\u043a\u043e semaines<\/p>\n","protected":false},"author":31,"featured_media":773999,"comment_status":"closed","ping_status":"closed","sticky":false,"template":"","format":"standard","meta":{"footnotes":""},"categories":[24630,24671,1169],"tags":[],"vendi":[],"content_country":[31835,31838,31840],"class_list":["post-918537","post","type-post","status-publish","format-standard","has-post-thumbnail","hentry","category-nouvelles","category-football","category-sport-fr","content_country-austria-fr","content_country-germany-fr","content_country-zvicer-fr"],"acf":[],"_links":{"self":[{"href":"https:\/\/www.albinfo.at\/fr\/wp-json\/wp\/v2\/posts\/918537","targetHints":{"allow":["GET"]}}],"collection":[{"href":"https:\/\/www.albinfo.at\/fr\/wp-json\/wp\/v2\/posts"}],"about":[{"href":"https:\/\/www.albinfo.at\/fr\/wp-json\/wp\/v2\/types\/post"}],"author":[{"embeddable":true,"href":"https:\/\/www.albinfo.at\/fr\/wp-json\/wp\/v2\/users\/31"}],"replies":[{"embeddable":true,"href":"https:\/\/www.albinfo.at\/fr\/wp-json\/wp\/v2\/comments?post=918537"}],"version-history":[{"count":2,"href":"https:\/\/www.albinfo.at\/fr\/wp-json\/wp\/v2\/posts\/918537\/revisions"}],"predecessor-version":[{"id":918539,"href":"https:\/\/www.albinfo.at\/fr\/wp-json\/wp\/v2\/posts\/918537\/revisions\/918539"}],"wp:featuredmedia":[{"embeddable":true,"href":"https:\/\/www.albinfo.at\/fr\/wp-json\/wp\/v2\/media\/773999"}],"wp:attachment":[{"href":"https:\/\/www.albinfo.at\/fr\/wp-json\/wp\/v2\/media?parent=918537"}],"wp:term":[{"taxonomy":"category","embeddable":true,"href":"https:\/\/www.albinfo.at\/fr\/wp-json\/wp\/v2\/categories?post=918537"},{"taxonomy":"post_tag","embeddable":true,"href":"https:\/\/www.albinfo.at\/fr\/wp-json\/wp\/v2\/tags?post=918537"},{"taxonomy":"vendi","embeddable":true,"href":"https:\/\/www.albinfo.at\/fr\/wp-json\/wp\/v2\/vendi?post=918537"},{"taxonomy":"content_country","embeddable":true,"href":"https:\/\/www.albinfo.at\/fr\/wp-json\/wp\/v2\/content_country?post=918537"}],"curies":[{"name":"wp","href":"https:\/\/api.w.org\/{rel}","templated":true}]}}