{"id":918425,"date":"2026-04-25T11:15:39","date_gmt":"2026-04-25T09:15:39","guid":{"rendered":"https:\/\/www.albinfo.ch\/melisa-ibrahimi-shpallet-ambasadore-artistike-e-kosoves-ne-spanje\/"},"modified":"2026-04-26T03:20:28","modified_gmt":"2026-04-26T01:20:28","slug":"melisa-ibrahimi-shpallet-ambasadore-artistike-e-kosoves-ne-spanje","status":"publish","type":"post","link":"https:\/\/www.albinfo.at\/fr\/melisa-ibrahimi-shpallet-ambasadore-artistike-e-kosoves-ne-spanje\/","title":{"rendered":"Melisa Ibrahimi est nomm\u00e9e Ambassadrice artistique du Kosovo en Espagne"},"content":{"rendered":"<p class=\"p1\">La jeune pianiste de Mitrovica, Melisa Ibrahimi, a remport\u00e9 un succ\u00e8s important sur la sc\u00e8ne internationale de la musique classique, en \u00e9tant d\u00e9sign\u00e9e &#8220;Ambassadrice artistique du Kosovo en Espagne&#8221;, rapporte albinfo.ch.<\/p>\n<p>&nbsp;<\/p>\n<figure id=\"attachment_917992\" aria-describedby=\"caption-attachment-917992\" style=\"width: 500px\" class=\"wp-caption alignnone\"><img loading=\"lazy\" decoding=\"async\" class=\"wp-image-917992\" src=\"https:\/\/www.albinfo.ch\/wp-content\/uploads\/2026\/04\/img_9051-768x1024.jpeg\" alt=\"\" width=\"500\" height=\"667\" srcset=\"https:\/\/www.albinfo.at\/wp-content\/uploads\/2026\/04\/img_9051-768x1024.jpeg 768w, https:\/\/www.albinfo.at\/wp-content\/uploads\/2026\/04\/img_9051-225x300.jpeg 225w, https:\/\/www.albinfo.at\/wp-content\/uploads\/2026\/04\/img_9051-1152x1536.jpeg 1152w, https:\/\/www.albinfo.at\/wp-content\/uploads\/2026\/04\/img_9051-297x396.jpeg 297w, https:\/\/www.albinfo.at\/wp-content\/uploads\/2026\/04\/img_9051-75x100.jpeg 75w, https:\/\/www.albinfo.at\/wp-content\/uploads\/2026\/04\/img_9051-131x175.jpeg 131w, https:\/\/www.albinfo.at\/wp-content\/uploads\/2026\/04\/img_9051.jpeg 1536w\" sizes=\"auto, (max-width: 500px) 100vw, 500px\" \/><figcaption id=\"caption-attachment-917992\" class=\"wp-caption-text\">Melisa Ibrahimi<\/figcaption><\/figure>\n<p>&nbsp;<\/p>\n<p data-start=\"0\" data-end=\"236\">Elle a \u00e9galement \u00e9t\u00e9 honor\u00e9e par le prestigieux prix &#8220;Award of Supreme Excellence&#8221; de l\u2019organisation World Piano Association Spain, une distinction qui t\u00e9moigne de son talent et de son engagement dans la musique classique.<\/p>\n<p data-start=\"238\" data-end=\"426\">Ce succ\u00e8s est consid\u00e9r\u00e9 comme une r\u00e9alisation importante non seulement pour sa carri\u00e8re personnelle, mais aussi pour la promotion de la culture et du talent kosovars sur la sc\u00e8ne mondiale.<\/p>\n<p data-start=\"428\" data-end=\"642\">Par son travail artistique et sa passion pour la musique, Melisa Ibrahimi contribue \u00e0 renforcer les liens culturels entre le Kosovo et l\u2019Espagne, en repr\u00e9sentant son pays avec dignit\u00e9 sur la sc\u00e8ne internationale.\/Albinfo.ch<\/p>\n","protected":false},"excerpt":{"rendered":"<p>La pianiste originaire de Mitrovica est honor\u00e9e par le prestigieux prix &#8220;Award of Supreme Excellence&#8221;<\/p>\n","protected":false},"author":31,"featured_media":917990,"comment_status":"closed","ping_status":"closed","sticky":false,"template":"","format":"standard","meta":{"footnotes":""},"categories":[23271,24637,24660,3949,23270,24630,1159,1163,1168],"tags":[],"vendi":[],"content_country":[31835,31838,31840],"class_list":["post-918425","post","type-post","status-publish","format-standard","has-post-thumbnail","hentry","category-kosovo","category-nouvelles-fr-4","category-la-musique","category-kosova-fr","category-at-balkani-fr","category-nouvelles","category-ch-balkans","category-fr-e-diaspora","category-culture","content_country-austria-fr","content_country-germany-fr","content_country-zvicer-fr"],"acf":[],"_links":{"self":[{"href":"https:\/\/www.albinfo.at\/fr\/wp-json\/wp\/v2\/posts\/918425","targetHints":{"allow":["GET"]}}],"collection":[{"href":"https:\/\/www.albinfo.at\/fr\/wp-json\/wp\/v2\/posts"}],"about":[{"href":"https:\/\/www.albinfo.at\/fr\/wp-json\/wp\/v2\/types\/post"}],"author":[{"embeddable":true,"href":"https:\/\/www.albinfo.at\/fr\/wp-json\/wp\/v2\/users\/31"}],"replies":[{"embeddable":true,"href":"https:\/\/www.albinfo.at\/fr\/wp-json\/wp\/v2\/comments?post=918425"}],"version-history":[{"count":2,"href":"https:\/\/www.albinfo.at\/fr\/wp-json\/wp\/v2\/posts\/918425\/revisions"}],"predecessor-version":[{"id":918427,"href":"https:\/\/www.albinfo.at\/fr\/wp-json\/wp\/v2\/posts\/918425\/revisions\/918427"}],"wp:featuredmedia":[{"embeddable":true,"href":"https:\/\/www.albinfo.at\/fr\/wp-json\/wp\/v2\/media\/917990"}],"wp:attachment":[{"href":"https:\/\/www.albinfo.at\/fr\/wp-json\/wp\/v2\/media?parent=918425"}],"wp:term":[{"taxonomy":"category","embeddable":true,"href":"https:\/\/www.albinfo.at\/fr\/wp-json\/wp\/v2\/categories?post=918425"},{"taxonomy":"post_tag","embeddable":true,"href":"https:\/\/www.albinfo.at\/fr\/wp-json\/wp\/v2\/tags?post=918425"},{"taxonomy":"vendi","embeddable":true,"href":"https:\/\/www.albinfo.at\/fr\/wp-json\/wp\/v2\/vendi?post=918425"},{"taxonomy":"content_country","embeddable":true,"href":"https:\/\/www.albinfo.at\/fr\/wp-json\/wp\/v2\/content_country?post=918425"}],"curies":[{"name":"wp","href":"https:\/\/api.w.org\/{rel}","templated":true}]}}