{"id":918417,"date":"2026-04-25T10:10:08","date_gmt":"2026-04-25T08:10:08","guid":{"rendered":"https:\/\/www.albinfo.ch\/egzona-veseli-diplomon-ne-master-per-drejtesi-ne-bern\/"},"modified":"2026-04-26T03:12:58","modified_gmt":"2026-04-26T01:12:58","slug":"egzona-veseli-diplomon-ne-master-per-drejtesi-ne-bern","status":"publish","type":"post","link":"https:\/\/www.albinfo.at\/fr\/egzona-veseli-diplomon-ne-master-per-drejtesi-ne-bern\/","title":{"rendered":"Egzona Veseli obtient un Master en droit \u00e0 Berne"},"content":{"rendered":"<p data-start=\"0\" data-end=\"149\">Egzona Veseli, originaire de Krusha e Madhe \u00e0 Rahovec, a obtenu avec succ\u00e8s son master en droit \u00e0 Berne en Suisse, rapporte albinfo.ch.<\/p>\n<p data-start=\"151\" data-end=\"399\">Cette r\u00e9ussite constitue une \u00e9tape importante dans son parcours acad\u00e9mique et professionnel, d\u00e9montrant que les jeunes du Kosovo, et en particulier les jeunes femmes, continuent de se distinguer dans les universit\u00e9s les plus prestigieuses d\u2019Europe.<\/p>\n<p data-start=\"401\" data-end=\"621\">Le succ\u00e8s de Veseli est consid\u00e9r\u00e9 comme un exemple de d\u00e9vouement, de travail et d\u2019ambition, et ses r\u00e9alisations sont une source de motivation pour de nombreux jeunes qui souhaitent construire leur avenir gr\u00e2ce au savoir.<\/p>\n<p data-start=\"623\" data-end=\"795\">Par leurs r\u00e9sultats, les \u00e9tudiants kosovars de la diaspora deviennent les meilleurs ambassadeurs du pays, repr\u00e9sentant le Kosovo avec dignit\u00e9 sur la sc\u00e8ne internationale.\/Albinfo.ch<\/p>\n","protected":false},"excerpt":{"rendered":"<p>    Egzona Veseli termine ses \u00e9tudes de master \u00e0 Berne, un exemple de r\u00e9ussite des jeunes femmes albanaises<\/p>\n","protected":false},"author":31,"featured_media":917985,"comment_status":"closed","ping_status":"closed","sticky":false,"template":"","format":"standard","meta":{"footnotes":""},"categories":[23271,24637,1164,1165,3949,18826,23270,24630,1159,1163,1170],"tags":[],"vendi":[],"content_country":[31835,31838,31840],"class_list":["post-918417","post","type-post","status-publish","format-standard","has-post-thumbnail","hentry","category-kosovo","category-nouvelles-fr-4","category-integration-fr","category-femmes","category-kosova-fr","category-lajme-jeta-ne-zvicer-fr","category-at-balkani-fr","category-nouvelles","category-ch-balkans","category-fr-e-diaspora","category-vivre-en-suisse","content_country-austria-fr","content_country-germany-fr","content_country-zvicer-fr"],"acf":[],"_links":{"self":[{"href":"https:\/\/www.albinfo.at\/fr\/wp-json\/wp\/v2\/posts\/918417","targetHints":{"allow":["GET"]}}],"collection":[{"href":"https:\/\/www.albinfo.at\/fr\/wp-json\/wp\/v2\/posts"}],"about":[{"href":"https:\/\/www.albinfo.at\/fr\/wp-json\/wp\/v2\/types\/post"}],"author":[{"embeddable":true,"href":"https:\/\/www.albinfo.at\/fr\/wp-json\/wp\/v2\/users\/31"}],"replies":[{"embeddable":true,"href":"https:\/\/www.albinfo.at\/fr\/wp-json\/wp\/v2\/comments?post=918417"}],"version-history":[{"count":2,"href":"https:\/\/www.albinfo.at\/fr\/wp-json\/wp\/v2\/posts\/918417\/revisions"}],"predecessor-version":[{"id":918419,"href":"https:\/\/www.albinfo.at\/fr\/wp-json\/wp\/v2\/posts\/918417\/revisions\/918419"}],"wp:featuredmedia":[{"embeddable":true,"href":"https:\/\/www.albinfo.at\/fr\/wp-json\/wp\/v2\/media\/917985"}],"wp:attachment":[{"href":"https:\/\/www.albinfo.at\/fr\/wp-json\/wp\/v2\/media?parent=918417"}],"wp:term":[{"taxonomy":"category","embeddable":true,"href":"https:\/\/www.albinfo.at\/fr\/wp-json\/wp\/v2\/categories?post=918417"},{"taxonomy":"post_tag","embeddable":true,"href":"https:\/\/www.albinfo.at\/fr\/wp-json\/wp\/v2\/tags?post=918417"},{"taxonomy":"vendi","embeddable":true,"href":"https:\/\/www.albinfo.at\/fr\/wp-json\/wp\/v2\/vendi?post=918417"},{"taxonomy":"content_country","embeddable":true,"href":"https:\/\/www.albinfo.at\/fr\/wp-json\/wp\/v2\/content_country?post=918417"}],"curies":[{"name":"wp","href":"https:\/\/api.w.org\/{rel}","templated":true}]}}