{"id":908733,"date":"2026-03-16T12:13:29","date_gmt":"2026-03-16T11:13:29","guid":{"rendered":"https:\/\/www.albinfo.ch\/?p=908733"},"modified":"2026-03-16T23:37:59","modified_gmt":"2026-03-16T22:37:59","slug":"eljesa-bajra-devient-vice-championne-dallemagne-de-judo-u21","status":"publish","type":"post","link":"https:\/\/www.albinfo.at\/fr\/eljesa-bajra-devient-vice-championne-dallemagne-de-judo-u21\/","title":{"rendered":"Eljesa Bajra devient vice championne d\u2019Allemagne de judo U21"},"content":{"rendered":"<p data-start=\"8\" data-end=\"252\">Eljesa Bajra, du club de judo Weil Haltingen, a c\u00e9l\u00e9br\u00e9 un nouveau succ\u00e8s au niveau national. Lors du championnat individuel d\u2019Allemagne U21 \u00e0 Potsdam, la judokate de 18 ans a remport\u00e9 la m\u00e9daille d\u2019argent dans la cat\u00e9gorie des plus de 78 kg.<\/p>\n<p data-start=\"254\" data-end=\"681\">Au total, 14 participantes ont concouru dans la cat\u00e9gorie principale, rapporte albinfo.ch. Apr\u00e8s des victoires contre Serafina Lange du Sportfreunde Kladow et Erin Drzysga du Sport Union Annen, Bajra s\u2019est qualifi\u00e9e pour la demi finale. L\u00e0, elle a battu Malin Nieweiler du FC Stella Bevergern, contre qui elle avait perdu lors du championnat d\u2019Allemagne l\u2019ann\u00e9e derni\u00e8re, et s\u2019est ainsi qualifi\u00e9e pour la finale, \u00e9crit bz.de.<\/p>\n<p data-start=\"683\" data-end=\"831\">Dans le combat pour le titre, elle a \u00e9t\u00e9 battue par Peppa Pl\u00f6hnert du SV Halle, d\u2019un an plus \u00e2g\u00e9e, et a ainsi termin\u00e9 vice championne d\u2019Allemagne.<\/p>\n<p data-start=\"833\" data-end=\"1234\">Pour le talent du judo de Weil Haltingen, qui s\u2019entra\u00eene depuis quatre ans au centre de performance du Budo Club Karlsruhe afin d\u2019assurer un d\u00e9veloppement optimal, il s\u2019agit de sa troisi\u00e8me m\u00e9daille cons\u00e9cutive au championnat d\u2019Allemagne. En 2024 dans la cat\u00e9gorie U18 et de nouveau en 2025, lors de ses d\u00e9buts en cat\u00e9gorie U21, Bajra avait pris la troisi\u00e8me place et remport\u00e9 la m\u00e9daille de bronze.<\/p>\n","protected":false},"excerpt":{"rendered":"<p>C\u2019est sa troisi\u00e8me m\u00e9daille cons\u00e9cutive au championnat d\u2019Allemagne. En 2024 dans la cat\u00e9gorie U18 et de nouveau en 2025, lorsqu\u2019elle a fait ses d\u00e9buts dans la cat\u00e9gorie U21<\/p>\n","protected":false},"author":6,"featured_media":908629,"comment_status":"closed","ping_status":"closed","sticky":false,"template":"","format":"standard","meta":{"footnotes":""},"categories":[34914,24669,24630,24632,1169],"tags":[],"vendi":[],"content_country":[],"class_list":["post-908733","post","type-post","status-publish","format-standard","has-post-thumbnail","hentry","category-la-vie-en-allemagne","category-arts-martiaux","category-nouvelles","category-nouvelles-fr","category-sport-fr"],"acf":[],"_links":{"self":[{"href":"https:\/\/www.albinfo.at\/fr\/wp-json\/wp\/v2\/posts\/908733","targetHints":{"allow":["GET"]}}],"collection":[{"href":"https:\/\/www.albinfo.at\/fr\/wp-json\/wp\/v2\/posts"}],"about":[{"href":"https:\/\/www.albinfo.at\/fr\/wp-json\/wp\/v2\/types\/post"}],"author":[{"embeddable":true,"href":"https:\/\/www.albinfo.at\/fr\/wp-json\/wp\/v2\/users\/6"}],"replies":[{"embeddable":true,"href":"https:\/\/www.albinfo.at\/fr\/wp-json\/wp\/v2\/comments?post=908733"}],"version-history":[{"count":1,"href":"https:\/\/www.albinfo.at\/fr\/wp-json\/wp\/v2\/posts\/908733\/revisions"}],"predecessor-version":[{"id":908734,"href":"https:\/\/www.albinfo.at\/fr\/wp-json\/wp\/v2\/posts\/908733\/revisions\/908734"}],"wp:featuredmedia":[{"embeddable":true,"href":"https:\/\/www.albinfo.at\/fr\/wp-json\/wp\/v2\/media\/908629"}],"wp:attachment":[{"href":"https:\/\/www.albinfo.at\/fr\/wp-json\/wp\/v2\/media?parent=908733"}],"wp:term":[{"taxonomy":"category","embeddable":true,"href":"https:\/\/www.albinfo.at\/fr\/wp-json\/wp\/v2\/categories?post=908733"},{"taxonomy":"post_tag","embeddable":true,"href":"https:\/\/www.albinfo.at\/fr\/wp-json\/wp\/v2\/tags?post=908733"},{"taxonomy":"vendi","embeddable":true,"href":"https:\/\/www.albinfo.at\/fr\/wp-json\/wp\/v2\/vendi?post=908733"},{"taxonomy":"content_country","embeddable":true,"href":"https:\/\/www.albinfo.at\/fr\/wp-json\/wp\/v2\/content_country?post=908733"}],"curies":[{"name":"wp","href":"https:\/\/api.w.org\/{rel}","templated":true}]}}