{"id":908716,"date":"2026-03-16T11:10:55","date_gmt":"2026-03-16T10:10:55","guid":{"rendered":"https:\/\/www.albinfo.ch\/?p=908716"},"modified":"2026-03-16T23:08:08","modified_gmt":"2026-03-16T22:08:08","slug":"a-berne-est-presente-le-livre-klithma-de-lauteure-alketa-gashi-fazliu","status":"publish","type":"post","link":"https:\/\/www.albinfo.at\/fr\/a-berne-est-presente-le-livre-klithma-de-lauteure-alketa-gashi-fazliu\/","title":{"rendered":"\u00c0 Berne est pr\u00e9sent\u00e9 le livre &#8220;Klithma&#8221; de l\u2019auteure Alketa Gashi Fazliu"},"content":{"rendered":"<p data-start=\"8\" data-end=\"243\">Le samedi 28 mars 2026 \u00e0 18h00, au Kongresszentrum Allresto \u00e0 Berne (Effingerstrasse 20, 3008 Berne, Parking City West), la promotion du livre &#8220;Klithma&#8221; de l\u2019auteure Alketa Gashi Fazliu sera organis\u00e9e par la Lidhja Shqiptare n\u00eb Bot\u00eb.<\/p>\n<p data-start=\"245\" data-end=\"529\">Le livre pr\u00e9sente des r\u00e9cits forts et bouleversants d\u2019enfants mutil\u00e9s pendant la guerre au Kosovo. \u00c0 travers leurs t\u00e9moignages, l\u2019auteure met en lumi\u00e8re les cons\u00e9quences les plus douloureuses de la guerre, les blessures qui restent non seulement sur le corps, mais aussi dans l\u2019\u00e2me.<\/p>\n<p data-start=\"531\" data-end=\"776\">&#8220;Klithma&#8221; vient comme un appel \u00e0 la m\u00e9moire et \u00e0 la prise de conscience, rappelant que derri\u00e8re chaque statistique de guerre se cachent des histoires humaines de souffrance, mais aussi de force, de courage et d\u2019espoir pour continuer \u00e0 avancer.<\/p>\n<p data-start=\"778\" data-end=\"979\">La promotion \u00e0 Berne devrait rassembler des amateurs de livres, des repr\u00e9sentants de la communaut\u00e9 et le public int\u00e9ress\u00e9, afin de r\u00e9fl\u00e9chir ensemble \u00e0 un chapitre important de la m\u00e9moire collective.<\/p>\n","protected":false},"excerpt":{"rendered":"<p>Le livre pr\u00e9sente des r\u00e9cits forts et bouleversants d\u2019enfants mutil\u00e9s pendant la guerre au Kosovo<\/p>\n","protected":false},"author":6,"featured_media":908624,"comment_status":"closed","ping_status":"closed","sticky":false,"template":"","format":"standard","meta":{"footnotes":""},"categories":[34928,24662,24630,1168,1182],"tags":[],"vendi":[],"content_country":[31835,31838,31840],"class_list":["post-908716","post","type-post","status-publish","format-standard","has-post-thumbnail","hentry","category-calendrier","category-litterature","category-nouvelles","category-culture","category-agenda","content_country-austria-fr","content_country-germany-fr","content_country-zvicer-fr"],"acf":[],"_links":{"self":[{"href":"https:\/\/www.albinfo.at\/fr\/wp-json\/wp\/v2\/posts\/908716","targetHints":{"allow":["GET"]}}],"collection":[{"href":"https:\/\/www.albinfo.at\/fr\/wp-json\/wp\/v2\/posts"}],"about":[{"href":"https:\/\/www.albinfo.at\/fr\/wp-json\/wp\/v2\/types\/post"}],"author":[{"embeddable":true,"href":"https:\/\/www.albinfo.at\/fr\/wp-json\/wp\/v2\/users\/6"}],"replies":[{"embeddable":true,"href":"https:\/\/www.albinfo.at\/fr\/wp-json\/wp\/v2\/comments?post=908716"}],"version-history":[{"count":1,"href":"https:\/\/www.albinfo.at\/fr\/wp-json\/wp\/v2\/posts\/908716\/revisions"}],"predecessor-version":[{"id":908717,"href":"https:\/\/www.albinfo.at\/fr\/wp-json\/wp\/v2\/posts\/908716\/revisions\/908717"}],"wp:featuredmedia":[{"embeddable":true,"href":"https:\/\/www.albinfo.at\/fr\/wp-json\/wp\/v2\/media\/908624"}],"wp:attachment":[{"href":"https:\/\/www.albinfo.at\/fr\/wp-json\/wp\/v2\/media?parent=908716"}],"wp:term":[{"taxonomy":"category","embeddable":true,"href":"https:\/\/www.albinfo.at\/fr\/wp-json\/wp\/v2\/categories?post=908716"},{"taxonomy":"post_tag","embeddable":true,"href":"https:\/\/www.albinfo.at\/fr\/wp-json\/wp\/v2\/tags?post=908716"},{"taxonomy":"vendi","embeddable":true,"href":"https:\/\/www.albinfo.at\/fr\/wp-json\/wp\/v2\/vendi?post=908716"},{"taxonomy":"content_country","embeddable":true,"href":"https:\/\/www.albinfo.at\/fr\/wp-json\/wp\/v2\/content_country?post=908716"}],"curies":[{"name":"wp","href":"https:\/\/api.w.org\/{rel}","templated":true}]}}