{"id":907924,"date":"2026-03-13T12:09:16","date_gmt":"2026-03-13T11:09:16","guid":{"rendered":"https:\/\/www.albinfo.ch\/?p=907924"},"modified":"2026-03-13T21:34:46","modified_gmt":"2026-03-13T20:34:46","slug":"la-diaspora-a-paris-ouvre-une-classe-pour-lenseignement-de-la-langue-albanaise","status":"publish","type":"post","link":"https:\/\/www.albinfo.at\/fr\/la-diaspora-a-paris-ouvre-une-classe-pour-lenseignement-de-la-langue-albanaise\/","title":{"rendered":"La diaspora \u00e0 Paris ouvre une classe pour l\u2019enseignement de la langue albanaise"},"content":{"rendered":"<p data-start=\"8\" data-end=\"281\">\u00c0 l\u2019occasion de la Journ\u00e9e de l\u2019Enseignant, le Centre culturel albanais &#8220;28-11&#8221; \u00e0 Paris a organis\u00e9 l\u2019activit\u00e9 &#8220;Journ\u00e9e portes ouvertes&#8221;, durant laquelle a \u00e9t\u00e9 lanc\u00e9e l\u2019initiative pour le d\u00e9but des cours de langue albanaise au sein de ce centre culturel, \u00e9crit albinfo.ch.<\/p>\n<p data-start=\"283\" data-end=\"579\">L\u2019\u00e9v\u00e9nement a r\u00e9uni des parents et des enfants albanais vivant dans la capitale fran\u00e7aise et dans les r\u00e9gions environnantes, qui ont eu l\u2019occasion de d\u00e9couvrir de pr\u00e8s cette initiative visant \u00e0 pr\u00e9server et \u00e0 transmettre la langue et la culture albanaises aux jeunes g\u00e9n\u00e9rations de la diaspora.<\/p>\n<p data-start=\"581\" data-end=\"953\">L\u2019atmosph\u00e8re durant la rencontre \u00e9tait chaleureuse et pleine d\u2019enthousiasme. Les parents et les organisateurs ont partag\u00e9 leurs id\u00e9es et ont discut\u00e9 de l\u2019importance de l\u2019apprentissage de la langue maternelle, en soulignant que sa pr\u00e9servation est un \u00e9l\u00e9ment essentiel pour renforcer l\u2019identit\u00e9 culturelle des enfants albanais qui grandissent loin de leur pays d\u2019origine.<\/p>\n<p data-start=\"955\" data-end=\"1271\">Selon les organisateurs, \u00e0 partir de la semaine prochaine, un programme d\u00e9di\u00e9 \u00e0 l\u2019enseignement de la langue albanaise pour les enfants et les jeunes albanais \u00e0 Paris d\u00e9butera au Centre culturel albanais &#8220;28-11&#8221;. Jusqu\u2019\u00e0 pr\u00e9sent, environ 30 enfants et jeunes se sont inscrits, et l\u2019int\u00e9r\u00eat devrait encore augmenter.<\/p>\n<p data-start=\"1273\" data-end=\"1502\">Le centre a annonc\u00e9 que les portes resteront ouvertes \u00e0 chaque enfant et jeune albanais souhaitant apprendre la langue albanaise et maintenir le lien avec ses racines et sa tradition \u00e0 travers la langue et la culture d\u2019origine.\/Albinfo.ch<\/p>\n","protected":false},"excerpt":{"rendered":"<p>\u00c0 Paris, ouverture d\u2019une classe pour l\u2019enseignement de la langue albanaise aux enfants de la diaspora<\/p>\n","protected":false},"author":6,"featured_media":907793,"comment_status":"closed","ping_status":"closed","sticky":false,"template":"","format":"standard","meta":{"footnotes":""},"categories":[24637,1166,24630,1163],"tags":[],"vendi":[],"content_country":[],"class_list":["post-907924","post","type-post","status-publish","format-standard","has-post-thumbnail","hentry","category-nouvelles-fr-4","category-langues","category-nouvelles","category-fr-e-diaspora"],"acf":[],"_links":{"self":[{"href":"https:\/\/www.albinfo.at\/fr\/wp-json\/wp\/v2\/posts\/907924","targetHints":{"allow":["GET"]}}],"collection":[{"href":"https:\/\/www.albinfo.at\/fr\/wp-json\/wp\/v2\/posts"}],"about":[{"href":"https:\/\/www.albinfo.at\/fr\/wp-json\/wp\/v2\/types\/post"}],"author":[{"embeddable":true,"href":"https:\/\/www.albinfo.at\/fr\/wp-json\/wp\/v2\/users\/6"}],"replies":[{"embeddable":true,"href":"https:\/\/www.albinfo.at\/fr\/wp-json\/wp\/v2\/comments?post=907924"}],"version-history":[{"count":2,"href":"https:\/\/www.albinfo.at\/fr\/wp-json\/wp\/v2\/posts\/907924\/revisions"}],"predecessor-version":[{"id":907926,"href":"https:\/\/www.albinfo.at\/fr\/wp-json\/wp\/v2\/posts\/907924\/revisions\/907926"}],"wp:featuredmedia":[{"embeddable":true,"href":"https:\/\/www.albinfo.at\/fr\/wp-json\/wp\/v2\/media\/907793"}],"wp:attachment":[{"href":"https:\/\/www.albinfo.at\/fr\/wp-json\/wp\/v2\/media?parent=907924"}],"wp:term":[{"taxonomy":"category","embeddable":true,"href":"https:\/\/www.albinfo.at\/fr\/wp-json\/wp\/v2\/categories?post=907924"},{"taxonomy":"post_tag","embeddable":true,"href":"https:\/\/www.albinfo.at\/fr\/wp-json\/wp\/v2\/tags?post=907924"},{"taxonomy":"vendi","embeddable":true,"href":"https:\/\/www.albinfo.at\/fr\/wp-json\/wp\/v2\/vendi?post=907924"},{"taxonomy":"content_country","embeddable":true,"href":"https:\/\/www.albinfo.at\/fr\/wp-json\/wp\/v2\/content_country?post=907924"}],"curies":[{"name":"wp","href":"https:\/\/api.w.org\/{rel}","templated":true}]}}