{"id":907666,"date":"2026-03-12T12:13:06","date_gmt":"2026-03-12T11:13:06","guid":{"rendered":"https:\/\/www.albinfo.ch\/?p=907666"},"modified":"2026-03-12T17:28:28","modified_gmt":"2026-03-12T16:28:28","slug":"sept-entreprises-du-kosovo-participent-au-salon-international-prowein-en-allemagne","status":"publish","type":"post","link":"https:\/\/www.albinfo.at\/fr\/sept-entreprises-du-kosovo-participent-au-salon-international-prowein-en-allemagne\/","title":{"rendered":"Sept entreprises du Kosovo participent au salon international &#8220;ProWein&#8221; en Allemagne"},"content":{"rendered":"<p data-start=\"8\" data-end=\"199\">Sept entreprises du Kosovo, actives dans la production de boissons alcoolis\u00e9es, participeront au salon international ProWein, qui se tiendra du 15 au 17 mars \u00e0 D\u00fcsseldorf, \u00e9crit albinfo.ch.<\/p>\n<p data-start=\"201\" data-end=\"458\">La participation des entreprises kosovares est soutenue par le Minist\u00e8re de l\u2019Industrie, de l\u2019Entrepreneuriat, du Commerce et de l\u2019Innovation, \u00e0 travers KIESA, qui a assur\u00e9 un espace d\u2019exposition de 70 m\u00e8tres carr\u00e9s pour la pr\u00e9sentation de leurs produits.<\/p>\n<p data-start=\"460\" data-end=\"714\">Lors de ce salon, les entreprises du Kosovo feront la promotion de leurs diff\u00e9rentes productions de rakia et de vins, tout en ayant l\u2019occasion de d\u00e9couvrir les derni\u00e8res tendances de l\u2019industrie du vin et des boissons alcoolis\u00e9es en Europe et ailleurs.<\/p>\n<p data-start=\"716\" data-end=\"1112\">ProWein est consid\u00e9r\u00e9 comme l\u2019un des salons les plus grands et les plus importants au monde dans ce secteur, r\u00e9unissant chaque ann\u00e9e des producteurs, des distributeurs et des professionnels de l\u2019industrie venus de nombreux pays. La participation \u00e0 cet \u00e9v\u00e9nement devrait cr\u00e9er de nouvelles possibilit\u00e9s de coop\u00e9ration et d\u2019expansion pour les entreprises kosovares sur les march\u00e9s internationaux.\/Albinfo.ch<\/p>\n","protected":false},"excerpt":{"rendered":"<p>Les producteurs kosovars de vin et de rakia pr\u00e9senteront leurs produits lors de l\u2019un des plus grands salons de l\u2019industrie des boissons au monde.<\/p>\n","protected":false},"author":6,"featured_media":907529,"comment_status":"closed","ping_status":"closed","sticky":false,"template":"","format":"standard","meta":{"footnotes":""},"categories":[34914,24637,1160,3949,19748,1159,1163],"tags":[],"vendi":[],"content_country":[],"class_list":["post-907666","post","type-post","status-publish","format-standard","has-post-thumbnail","hentry","category-la-vie-en-allemagne","category-nouvelles-fr-4","category-actuel","category-kosova-fr","category-economie","category-ch-balkans","category-fr-e-diaspora"],"acf":[],"_links":{"self":[{"href":"https:\/\/www.albinfo.at\/fr\/wp-json\/wp\/v2\/posts\/907666","targetHints":{"allow":["GET"]}}],"collection":[{"href":"https:\/\/www.albinfo.at\/fr\/wp-json\/wp\/v2\/posts"}],"about":[{"href":"https:\/\/www.albinfo.at\/fr\/wp-json\/wp\/v2\/types\/post"}],"author":[{"embeddable":true,"href":"https:\/\/www.albinfo.at\/fr\/wp-json\/wp\/v2\/users\/6"}],"replies":[{"embeddable":true,"href":"https:\/\/www.albinfo.at\/fr\/wp-json\/wp\/v2\/comments?post=907666"}],"version-history":[{"count":1,"href":"https:\/\/www.albinfo.at\/fr\/wp-json\/wp\/v2\/posts\/907666\/revisions"}],"predecessor-version":[{"id":907667,"href":"https:\/\/www.albinfo.at\/fr\/wp-json\/wp\/v2\/posts\/907666\/revisions\/907667"}],"wp:featuredmedia":[{"embeddable":true,"href":"https:\/\/www.albinfo.at\/fr\/wp-json\/wp\/v2\/media\/907529"}],"wp:attachment":[{"href":"https:\/\/www.albinfo.at\/fr\/wp-json\/wp\/v2\/media?parent=907666"}],"wp:term":[{"taxonomy":"category","embeddable":true,"href":"https:\/\/www.albinfo.at\/fr\/wp-json\/wp\/v2\/categories?post=907666"},{"taxonomy":"post_tag","embeddable":true,"href":"https:\/\/www.albinfo.at\/fr\/wp-json\/wp\/v2\/tags?post=907666"},{"taxonomy":"vendi","embeddable":true,"href":"https:\/\/www.albinfo.at\/fr\/wp-json\/wp\/v2\/vendi?post=907666"},{"taxonomy":"content_country","embeddable":true,"href":"https:\/\/www.albinfo.at\/fr\/wp-json\/wp\/v2\/content_country?post=907666"}],"curies":[{"name":"wp","href":"https:\/\/api.w.org\/{rel}","templated":true}]}}