{"id":907608,"date":"2026-03-12T09:13:43","date_gmt":"2026-03-12T08:13:43","guid":{"rendered":"https:\/\/www.albinfo.ch\/?p=907608"},"modified":"2026-03-12T17:10:15","modified_gmt":"2026-03-12T16:10:15","slug":"les-autorites-du-kosovo-honorent-par-leur-participation-la-manifestation-kurora-e-lirise-a-berne","status":"publish","type":"post","link":"https:\/\/www.albinfo.at\/fr\/les-autorites-du-kosovo-honorent-par-leur-participation-la-manifestation-kurora-e-lirise-a-berne\/","title":{"rendered":"Les autorit\u00e9s du Kosovo honorent par leur participation la manifestation &#8220;Kurora e Liris\u00eb&#8221; \u00e0 Berne"},"content":{"rendered":"<p data-start=\"8\" data-end=\"315\">La manifestation comm\u00e9morative et culturelle &#8220;Kurora e Liris\u00eb&#8221;, qui se tiendra ce samedi 14 mars \u00e0 la <span class=\"hover:entity-accent entity-underline inline cursor-pointer align-baseline\"><span class=\"whitespace-normal\">Kursaal Arena<\/span><\/span> \u00e0 <span class=\"hover:entity-accent entity-underline inline cursor-pointer align-baseline\"><span class=\"whitespace-normal\">Berne<\/span><\/span>, sera honor\u00e9e par la pr\u00e9sence de hauts repr\u00e9sentants institutionnels de la R\u00e9publique du <span class=\"hover:entity-accent entity-underline inline cursor-pointer align-baseline\"><span class=\"whitespace-normal\">Kosovo<\/span><\/span>.<\/p>\n<p data-start=\"317\" data-end=\"730\">\u00c0 cet \u00e9v\u00e9nement participeront le ministre du Minist\u00e8re du Travail, de la Famille et des Valeurs de la guerre de lib\u00e9ration, <span class=\"hover:entity-accent entity-underline inline cursor-pointer align-baseline\"><span class=\"whitespace-normal\">Andin Hoti<\/span><\/span>, ainsi que le ministre de l\u2019Int\u00e9rieur, <span class=\"hover:entity-accent entity-underline inline cursor-pointer align-baseline\"><span class=\"whitespace-normal\">Xhelal Sve\u00e7la<\/span><\/span>. Ils prendront part \u00e0 cette manifestation d\u00e9di\u00e9e \u00e0 la m\u00e9moire du sacrifice de la famille <span class=\"hover:entity-accent entity-underline inline cursor-pointer align-baseline\"><span class=\"whitespace-normal\">Adem Jashari<\/span><\/span> et de tous les martyrs de la libert\u00e9 du Kosovo.<\/p>\n<p data-start=\"732\" data-end=\"1034\">La manifestation sera \u00e9galement honor\u00e9e par la pr\u00e9sence d\u2019autres repr\u00e9sentants de la vie politique, notamment <span class=\"hover:entity-accent entity-underline inline cursor-pointer align-baseline\"><span class=\"whitespace-normal\">Adnan Azizi<\/span><\/span>, d\u00e9put\u00e9 au parlement de <span class=\"hover:entity-accent entity-underline inline cursor-pointer align-baseline\"><span class=\"whitespace-normal\">Mac\u00e9doine du Nord<\/span><\/span>, ainsi que <span class=\"hover:entity-accent entity-underline inline cursor-pointer align-baseline\"><span class=\"whitespace-normal\">Enver Dugolli<\/span><\/span> du Parlement du Kosovo et d\u2019autres invit\u00e9s.<\/p>\n<p data-start=\"1036\" data-end=\"1282\">La pr\u00e9sence des autorit\u00e9s du Kosovo repr\u00e9sente un moment important de rapprochement entre les institutions et la diaspora albanaise en <span class=\"hover:entity-accent entity-underline inline cursor-pointer align-baseline\"><span class=\"whitespace-normal\">Suisse<\/span><\/span>, rendant hommage \u00e0 la m\u00e9moire historique et au sacrifice pour la libert\u00e9.<\/p>\n<p data-start=\"1284\" data-end=\"1632\">La manifestation est organis\u00e9e par le Conseil des associations culturelles albanaises en Suisse, en collaboration avec plusieurs associations et organisations culturelles albanaises actives dans le pays. Le programme comprendra la participation d\u2019ensembles artistiques, de chorales, de groupes culturels et d\u2019artistes venant de Suisse et du Kosovo.<\/p>\n<p data-start=\"1634\" data-end=\"1868\">Dans le cadre de l\u2019\u00e9v\u00e9nement sera \u00e9galement inaugur\u00e9e l\u2019exposition photographique &#8220;Prekazi &#8211; amour, douleur et fiert\u00e9 nationale&#8221; de l\u2019auteur <span class=\"hover:entity-accent entity-underline inline cursor-pointer align-baseline\"><span class=\"whitespace-normal\">Sefer Ali\u00e7kaj<\/span><\/span>, pr\u00e9sent\u00e9e pour la premi\u00e8re fois au public en Suisse.<\/p>\n<p data-start=\"1870\" data-end=\"2022\">Pour plus d\u2019informations, les int\u00e9ress\u00e9s peuvent contacter la coordinatrice du projet, <span class=\"hover:entity-accent entity-underline inline cursor-pointer align-baseline\"><span class=\"whitespace-normal\">Mirishahe Limani Hiler<\/span><\/span>, au num\u00e9ro 079 607 46 74.<\/p>\n<p data-start=\"2024\" data-end=\"2248\">Albinfo.ch invite tous les membres de la diaspora \u00e0 participer \u00e0 cette manifestation, qui honore non seulement l\u2019\u00e9v\u00e9nement historique, mais aussi la diaspora elle-m\u00eame comme partie essentielle de la &#8220;Couronne de la libert\u00e9&#8221;.<\/p>\n","protected":false},"excerpt":{"rendered":"<p>Ont particip\u00e9 le ministre du Minist\u00e8re du Travail, de la Famille et des Valeurs de la guerre de lib\u00e9ration de la R\u00e9publique du Kosovo, Andin Hoti, ainsi que le ministre de l\u2019Int\u00e9rieur, Xhelal Sve\u00e7la.<\/p>\n","protected":false},"author":6,"featured_media":907402,"comment_status":"closed","ping_status":"closed","sticky":false,"template":"","format":"standard","meta":{"footnotes":""},"categories":[1171,1174,1160,3949,18826,1159,1170],"tags":[],"vendi":[],"content_country":[],"class_list":["post-907608","post","type-post","status-publish","format-standard","has-post-thumbnail","hentry","category-thematique","category-manifestations","category-actuel","category-kosova-fr","category-lajme-jeta-ne-zvicer-fr","category-ch-balkans","category-vivre-en-suisse"],"acf":[],"_links":{"self":[{"href":"https:\/\/www.albinfo.at\/fr\/wp-json\/wp\/v2\/posts\/907608","targetHints":{"allow":["GET"]}}],"collection":[{"href":"https:\/\/www.albinfo.at\/fr\/wp-json\/wp\/v2\/posts"}],"about":[{"href":"https:\/\/www.albinfo.at\/fr\/wp-json\/wp\/v2\/types\/post"}],"author":[{"embeddable":true,"href":"https:\/\/www.albinfo.at\/fr\/wp-json\/wp\/v2\/users\/6"}],"replies":[{"embeddable":true,"href":"https:\/\/www.albinfo.at\/fr\/wp-json\/wp\/v2\/comments?post=907608"}],"version-history":[{"count":1,"href":"https:\/\/www.albinfo.at\/fr\/wp-json\/wp\/v2\/posts\/907608\/revisions"}],"predecessor-version":[{"id":907643,"href":"https:\/\/www.albinfo.at\/fr\/wp-json\/wp\/v2\/posts\/907608\/revisions\/907643"}],"wp:featuredmedia":[{"embeddable":true,"href":"https:\/\/www.albinfo.at\/fr\/wp-json\/wp\/v2\/media\/907402"}],"wp:attachment":[{"href":"https:\/\/www.albinfo.at\/fr\/wp-json\/wp\/v2\/media?parent=907608"}],"wp:term":[{"taxonomy":"category","embeddable":true,"href":"https:\/\/www.albinfo.at\/fr\/wp-json\/wp\/v2\/categories?post=907608"},{"taxonomy":"post_tag","embeddable":true,"href":"https:\/\/www.albinfo.at\/fr\/wp-json\/wp\/v2\/tags?post=907608"},{"taxonomy":"vendi","embeddable":true,"href":"https:\/\/www.albinfo.at\/fr\/wp-json\/wp\/v2\/vendi?post=907608"},{"taxonomy":"content_country","embeddable":true,"href":"https:\/\/www.albinfo.at\/fr\/wp-json\/wp\/v2\/content_country?post=907608"}],"curies":[{"name":"wp","href":"https:\/\/api.w.org\/{rel}","templated":true}]}}