{"id":907508,"date":"2026-03-11T11:35:47","date_gmt":"2026-03-11T10:35:47","guid":{"rendered":"https:\/\/www.albinfo.ch\/?p=907508"},"modified":"2026-03-12T00:40:47","modified_gmt":"2026-03-11T23:40:47","slug":"le-film-de-besim-ugzmajli-remporte-le-prix-meilleur-documentaire-en-norvege","status":"publish","type":"post","link":"https:\/\/www.albinfo.at\/fr\/le-film-de-besim-ugzmajli-remporte-le-prix-meilleur-documentaire-en-norvege\/","title":{"rendered":"Le film de Besim Ugzmajli remporte le prix &#8220;Meilleur documentaire&#8221; en Norv\u00e8ge"},"content":{"rendered":"<p data-start=\"8\" data-end=\"291\">Le film <span class=\"hover:entity-accent entity-underline inline cursor-pointer align-baseline\"><span class=\"whitespace-normal\">Pes\u00eb stin\u00ebt e f\u00ebmij\u00ebris\u00eb sime<\/span><\/span>, r\u00e9alis\u00e9 par <span class=\"hover:entity-accent entity-underline inline cursor-pointer align-baseline\"><span class=\"whitespace-normal\">Besim Ugzmajli<\/span><\/span>, a remport\u00e9 le prix du Meilleur documentaire lors de la XIIIe \u00e9dition du <span class=\"hover:entity-accent entity-underline inline cursor-pointer align-baseline\"><span class=\"whitespace-normal\">West Nordic International Film Festival<\/span><\/span>, qui s\u2019est tenue \u00e0 <span class=\"hover:entity-accent entity-underline inline cursor-pointer align-baseline\"><span class=\"whitespace-normal\">\u00c5lesund<\/span><\/span>, \u00e9crit albinfo.ch.<\/p>\n<p data-start=\"293\" data-end=\"600\">Selon le jury, le film rappelle l\u2019importance de la m\u00e9moire dans un monde en constante \u00e9volution et marqu\u00e9 par de nombreux conflits. La dimension cr\u00e9ative de l\u2019\u0153uvre a \u00e9t\u00e9 particuli\u00e8rement salu\u00e9e, notamment la mani\u00e8re dont l\u2019animation et le documentaire s\u2019entrelacent pour cr\u00e9er un univers artistique unique.<\/p>\n<p data-start=\"602\" data-end=\"883\">Ce succ\u00e8s international constitue une nouvelle reconnaissance pour la cin\u00e9matographie du <span class=\"hover:entity-accent entity-underline inline cursor-pointer align-baseline\"><span class=\"whitespace-normal\">Kosovo<\/span><\/span> et confirme le travail cr\u00e9atif du r\u00e9alisateur Besim Ugzmajli, en inscrivant ses \u0153uvres sur la carte des festivals prestigieux europ\u00e9ens et internationaux.\/Albinfo.ch<\/p>\n","protected":false},"excerpt":{"rendered":"<p>&#8220;Les cinq saisons de mon enfance&#8221; est r\u00e9compens\u00e9 au West Nordic International Film Festival pour son innovation artistique et son message puissant.<\/p>\n","protected":false},"author":6,"featured_media":907260,"comment_status":"closed","ping_status":"closed","sticky":false,"template":"","format":"standard","meta":{"footnotes":""},"categories":[24637,1160,24666,3949,1159,1163,1168],"tags":[],"vendi":[],"content_country":[],"class_list":["post-907508","post","type-post","status-publish","format-standard","has-post-thumbnail","hentry","category-nouvelles-fr-4","category-actuel","category-cinema","category-kosova-fr","category-ch-balkans","category-fr-e-diaspora","category-culture"],"acf":[],"_links":{"self":[{"href":"https:\/\/www.albinfo.at\/fr\/wp-json\/wp\/v2\/posts\/907508","targetHints":{"allow":["GET"]}}],"collection":[{"href":"https:\/\/www.albinfo.at\/fr\/wp-json\/wp\/v2\/posts"}],"about":[{"href":"https:\/\/www.albinfo.at\/fr\/wp-json\/wp\/v2\/types\/post"}],"author":[{"embeddable":true,"href":"https:\/\/www.albinfo.at\/fr\/wp-json\/wp\/v2\/users\/6"}],"replies":[{"embeddable":true,"href":"https:\/\/www.albinfo.at\/fr\/wp-json\/wp\/v2\/comments?post=907508"}],"version-history":[{"count":1,"href":"https:\/\/www.albinfo.at\/fr\/wp-json\/wp\/v2\/posts\/907508\/revisions"}],"predecessor-version":[{"id":907509,"href":"https:\/\/www.albinfo.at\/fr\/wp-json\/wp\/v2\/posts\/907508\/revisions\/907509"}],"wp:featuredmedia":[{"embeddable":true,"href":"https:\/\/www.albinfo.at\/fr\/wp-json\/wp\/v2\/media\/907260"}],"wp:attachment":[{"href":"https:\/\/www.albinfo.at\/fr\/wp-json\/wp\/v2\/media?parent=907508"}],"wp:term":[{"taxonomy":"category","embeddable":true,"href":"https:\/\/www.albinfo.at\/fr\/wp-json\/wp\/v2\/categories?post=907508"},{"taxonomy":"post_tag","embeddable":true,"href":"https:\/\/www.albinfo.at\/fr\/wp-json\/wp\/v2\/tags?post=907508"},{"taxonomy":"vendi","embeddable":true,"href":"https:\/\/www.albinfo.at\/fr\/wp-json\/wp\/v2\/vendi?post=907508"},{"taxonomy":"content_country","embeddable":true,"href":"https:\/\/www.albinfo.at\/fr\/wp-json\/wp\/v2\/content_country?post=907508"}],"curies":[{"name":"wp","href":"https:\/\/api.w.org\/{rel}","templated":true}]}}