{"id":907484,"date":"2026-03-11T10:24:22","date_gmt":"2026-03-11T09:24:22","guid":{"rendered":"https:\/\/www.albinfo.ch\/?p=907484"},"modified":"2026-03-12T00:28:44","modified_gmt":"2026-03-11T23:28:44","slug":"rita-ora-decroche-un-role-dans-le-thriller-criminel-he-bled-neon","status":"publish","type":"post","link":"https:\/\/www.albinfo.at\/fr\/rita-ora-decroche-un-role-dans-le-thriller-criminel-he-bled-neon\/","title":{"rendered":"Rita Ora d\u00e9croche un r\u00f4le dans le thriller criminel &#8220;He Bled Neon&#8221;"},"content":{"rendered":"<p data-start=\"8\" data-end=\"423\">La star d\u2019origine albanaise <span class=\"hover:entity-accent entity-underline inline cursor-pointer align-baseline\"><span class=\"whitespace-normal\">Rita Ora<\/span><\/span> fera partie du nouveau film criminel <span class=\"hover:entity-accent entity-underline inline cursor-pointer align-baseline\"><span class=\"whitespace-normal\">He Bled Neon<\/span><\/span>, dans lequel jouent \u00e9galement l\u2019ancien joueur de football am\u00e9ricain <span class=\"hover:entity-accent entity-underline inline cursor-pointer align-baseline\"><span class=\"whitespace-normal\">Marshawn Lynch<\/span><\/span> et l\u2019acteur <span class=\"hover:entity-accent entity-underline inline cursor-pointer align-baseline\"><span class=\"whitespace-normal\">Paul Wesley<\/span><\/span>. Le projet est produit par <span class=\"hover:entity-accent entity-underline inline cursor-pointer align-baseline\"><span class=\"whitespace-normal\">XYZ Films<\/span><\/span> et r\u00e9alis\u00e9 par <span class=\"hover:entity-accent entity-underline inline cursor-pointer align-baseline\"><span class=\"whitespace-normal\">Drew Kirsch<\/span><\/span>.<\/p>\n<p data-start=\"425\" data-end=\"904\">La premi\u00e8re mondiale du film est pr\u00e9vue le 16 mars 2026 dans le cadre du <span class=\"hover:entity-accent entity-underline inline cursor-pointer align-baseline\"><span class=\"whitespace-normal\">SXSW Film &amp; TV Festival<\/span><\/span>. \u201cHe Bled Neon\u201d est un thriller riche en action qui suit l\u2019histoire d\u2019Ethan, interpr\u00e9t\u00e9 par <span class=\"hover:entity-accent entity-underline inline cursor-pointer align-baseline\"><span class=\"whitespace-normal\">Joe Cole<\/span><\/span>, qui retourne \u00e0 <span class=\"hover:entity-accent entity-underline inline cursor-pointer align-baseline\"><span class=\"whitespace-normal\">Las Vegas<\/span><\/span> apr\u00e8s la mort myst\u00e9rieuse de son fr\u00e8re, r\u00f4le jou\u00e9 par Paul Wesley. Au cours de son enqu\u00eate, il retrouve d\u2019anciens amis, dont les personnages interpr\u00e9t\u00e9s par Rita Ora et Marshawn Lynch.<\/p>\n<p data-start=\"906\" data-end=\"1282\">L\u2019histoire se d\u00e9roule sur une p\u00e9riode de 48 heures et plonge le protagoniste dans un univers criminel dangereux, rempli de tension et de d\u00e9cisions difficiles. Le film met \u00e9galement en vedette <span class=\"hover:entity-accent entity-underline inline cursor-pointer align-baseline\"><span class=\"whitespace-normal\">Ismael Cruz C\u00f3rdova<\/span><\/span> et <span class=\"hover:entity-accent entity-underline inline cursor-pointer align-baseline\"><span class=\"whitespace-normal\">Josh Holloway<\/span><\/span>, tandis que la musique est sign\u00e9e par le producteur et artiste <span class=\"hover:entity-accent entity-underline inline cursor-pointer align-baseline\"><span class=\"whitespace-normal\">ZHU<\/span><\/span>.<\/p>\n<p data-start=\"1284\" data-end=\"1458\">Ce projet r\u00e9unit un m\u00e9lange puissant de talents internationaux et l\u2019atmosph\u00e8re intense du thriller, faisant de ce film l\u2019une des premi\u00e8res les plus attendues de l\u2019ann\u00e9e 2026.\/Albinfo.ch<\/p>\n<p>&nbsp;<\/p>\n<p style=\"text-align: center;\"><img loading=\"lazy\" decoding=\"async\" class=\"alignnone wp-image-907242\" src=\"https:\/\/www.albinfo.ch\/wp-content\/uploads\/2026\/03\/img_7839-772x1024.jpeg\" alt=\"\" width=\"500\" height=\"664\" srcset=\"https:\/\/www.albinfo.at\/wp-content\/uploads\/2026\/03\/img_7839-772x1024.jpeg 772w, https:\/\/www.albinfo.at\/wp-content\/uploads\/2026\/03\/img_7839-226x300.jpeg 226w, https:\/\/www.albinfo.at\/wp-content\/uploads\/2026\/03\/img_7839-768x1019.jpeg 768w, https:\/\/www.albinfo.at\/wp-content\/uploads\/2026\/03\/img_7839-1157x1536.jpeg 1157w, https:\/\/www.albinfo.at\/wp-content\/uploads\/2026\/03\/img_7839-298x396.jpeg 298w, https:\/\/www.albinfo.at\/wp-content\/uploads\/2026\/03\/img_7839-75x100.jpeg 75w, https:\/\/www.albinfo.at\/wp-content\/uploads\/2026\/03\/img_7839-132x175.jpeg 132w, https:\/\/www.albinfo.at\/wp-content\/uploads\/2026\/03\/img_7839.jpeg 1284w\" sizes=\"auto, (max-width: 500px) 100vw, 500px\" \/><\/p>\n","protected":false},"excerpt":{"rendered":"<p>Le nouveau film policier, dans lequel jouent \u00e9galement Marshawn Lynch et Paul Wesley, sera pr\u00e9sent\u00e9 en premi\u00e8re au SXSW 2026.<\/p>\n","protected":false},"author":6,"featured_media":907246,"comment_status":"closed","ping_status":"closed","sticky":false,"template":"","format":"standard","meta":{"footnotes":""},"categories":[24666,24630,1168,1183],"tags":[],"vendi":[],"content_country":[],"class_list":["post-907484","post","type-post","status-publish","format-standard","has-post-thumbnail","hentry","category-cinema","category-nouvelles","category-culture","category-fun-fr"],"acf":[],"_links":{"self":[{"href":"https:\/\/www.albinfo.at\/fr\/wp-json\/wp\/v2\/posts\/907484","targetHints":{"allow":["GET"]}}],"collection":[{"href":"https:\/\/www.albinfo.at\/fr\/wp-json\/wp\/v2\/posts"}],"about":[{"href":"https:\/\/www.albinfo.at\/fr\/wp-json\/wp\/v2\/types\/post"}],"author":[{"embeddable":true,"href":"https:\/\/www.albinfo.at\/fr\/wp-json\/wp\/v2\/users\/6"}],"replies":[{"embeddable":true,"href":"https:\/\/www.albinfo.at\/fr\/wp-json\/wp\/v2\/comments?post=907484"}],"version-history":[{"count":1,"href":"https:\/\/www.albinfo.at\/fr\/wp-json\/wp\/v2\/posts\/907484\/revisions"}],"predecessor-version":[{"id":907486,"href":"https:\/\/www.albinfo.at\/fr\/wp-json\/wp\/v2\/posts\/907484\/revisions\/907486"}],"wp:featuredmedia":[{"embeddable":true,"href":"https:\/\/www.albinfo.at\/fr\/wp-json\/wp\/v2\/media\/907246"}],"wp:attachment":[{"href":"https:\/\/www.albinfo.at\/fr\/wp-json\/wp\/v2\/media?parent=907484"}],"wp:term":[{"taxonomy":"category","embeddable":true,"href":"https:\/\/www.albinfo.at\/fr\/wp-json\/wp\/v2\/categories?post=907484"},{"taxonomy":"post_tag","embeddable":true,"href":"https:\/\/www.albinfo.at\/fr\/wp-json\/wp\/v2\/tags?post=907484"},{"taxonomy":"vendi","embeddable":true,"href":"https:\/\/www.albinfo.at\/fr\/wp-json\/wp\/v2\/vendi?post=907484"},{"taxonomy":"content_country","embeddable":true,"href":"https:\/\/www.albinfo.at\/fr\/wp-json\/wp\/v2\/content_country?post=907484"}],"curies":[{"name":"wp","href":"https:\/\/api.w.org\/{rel}","templated":true}]}}