{"id":907470,"date":"2026-03-11T09:25:03","date_gmt":"2026-03-11T08:25:03","guid":{"rendered":"https:\/\/www.albinfo.ch\/?p=907470"},"modified":"2026-03-12T00:00:06","modified_gmt":"2026-03-11T23:00:06","slug":"leander-veizi-nouveau-directeur-artistique-du-theater-regensburg-en-allemagne","status":"publish","type":"post","link":"https:\/\/www.albinfo.at\/fr\/leander-veizi-nouveau-directeur-artistique-du-theater-regensburg-en-allemagne\/","title":{"rendered":"Leander Veizi, nouveau directeur artistique du Theater Regensburg en Allemagne"},"content":{"rendered":"<p>&nbsp;<\/p>\n<p data-start=\"8\" data-end=\"334\">Le chor\u00e9graphe et danseur albanais <span class=\"hover:entity-accent entity-underline inline cursor-pointer align-baseline\"><span class=\"whitespace-normal\">Leander Veizi<\/span><\/span> assumera un nouveau r\u00f4le de direction dans sa carri\u00e8re artistique apr\u00e8s sa nomination comme directeur artistique et chor\u00e9graphe de la compagnie de danse du <span class=\"hover:entity-accent entity-underline inline cursor-pointer align-baseline\"><span class=\"whitespace-normal\">Theater Regensburg<\/span><\/span> en <span class=\"hover:entity-accent entity-underline inline cursor-pointer align-baseline\"><span class=\"whitespace-normal\">Allemagne<\/span><\/span>, \u00e9crit albinfo.ch.<\/p>\n<p data-start=\"336\" data-end=\"543\">Avec le d\u00e9but de la nouvelle saison artistique, l\u2019artiste de 37 ans dirigera la troupe de danse du th\u00e9\u00e2tre allemand, tout en continuant \u00e0 se produire comme danseur actif jusqu\u2019\u00e0 la fin de la saison actuelle.<\/p>\n<p data-start=\"545\" data-end=\"900\">Dans une d\u00e9claration, Veizi a d\u00e9crit ce moment comme une phase importante de transition dans sa vie professionnelle. &#8220;C\u2019est le moment o\u00f9 de nombreux danseurs commencent \u00e0 s\u2019orienter vers la chor\u00e9graphie et vers d\u2019autres r\u00f4les artistiques, en passant progressivement de la performance sur sc\u00e8ne \u00e0 la cr\u00e9ation et \u00e0 la direction artistique&#8221;, a-t-il soulign\u00e9.<\/p>\n<p data-start=\"902\" data-end=\"1373\">Le danseur a ajout\u00e9 qu\u2019il attend avec enthousiasme ses cinq derniers mois en tant qu\u2019interpr\u00e8te actif et la possibilit\u00e9 d\u2019ouvrir un nouveau chapitre avec l\u2019\u00e9quipe du th\u00e9\u00e2tre. &#8220;J\u2019appr\u00e9cie beaucoup le travail d\u2019\u00e9quipe et la r\u00e9flexion collective, ainsi que la joie de cr\u00e9er de nouvelles choses en s\u2019appuyant sur la tradition. Pour ce th\u00e9\u00e2tre, que j\u2019estime \u00e9norm\u00e9ment, je souhaite d\u00e9velopper une vision artistique interdisciplinaire avec la troupe de danse&#8221;, a d\u00e9clar\u00e9 Veizi.<\/p>\n<p data-start=\"1375\" data-end=\"1558\">Sa nomination est consid\u00e9r\u00e9e comme une \u00e9tape importante dans la carri\u00e8re de l\u2019artiste et comme une nouvelle contribution au d\u00e9veloppement de l\u2019art de la danse sur la sc\u00e8ne europ\u00e9enne.<\/p>\n<p class=\"p1\">\/Albinfo.ch<\/p>\n<p>&nbsp;<\/p>\n<p><img loading=\"lazy\" decoding=\"async\" class=\"alignnone wp-image-907251\" src=\"https:\/\/www.albinfo.ch\/wp-content\/uploads\/2026\/03\/img_7842-1024x1020.jpeg\" alt=\"\" width=\"500\" height=\"498\" srcset=\"https:\/\/www.albinfo.at\/wp-content\/uploads\/2026\/03\/img_7842-1024x1020.jpeg 1024w, https:\/\/www.albinfo.at\/wp-content\/uploads\/2026\/03\/img_7842-300x300.jpeg 300w, https:\/\/www.albinfo.at\/wp-content\/uploads\/2026\/03\/img_7842-150x150.jpeg 150w, https:\/\/www.albinfo.at\/wp-content\/uploads\/2026\/03\/img_7842-768x765.jpeg 768w, https:\/\/www.albinfo.at\/wp-content\/uploads\/2026\/03\/img_7842-398x396.jpeg 398w, https:\/\/www.albinfo.at\/wp-content\/uploads\/2026\/03\/img_7842-280x280.jpeg 280w, https:\/\/www.albinfo.at\/wp-content\/uploads\/2026\/03\/img_7842-100x100.jpeg 100w, https:\/\/www.albinfo.at\/wp-content\/uploads\/2026\/03\/img_7842-176x175.jpeg 176w, https:\/\/www.albinfo.at\/wp-content\/uploads\/2026\/03\/img_7842.jpeg 1284w\" sizes=\"auto, (max-width: 500px) 100vw, 500px\" \/><\/p>\n","protected":false},"excerpt":{"rendered":"<p>Balerini dhe koreografi shqiptar nis nj\u00eb kapitull t\u00eb ri n\u00eb karrier\u00ebn e tij artistike, duke udh\u00ebhequr trup\u00ebn e vall\u00ebzimit t\u00eb teatrit gjerman.<\/p>\n","protected":false},"author":6,"featured_media":907255,"comment_status":"closed","ping_status":"closed","sticky":false,"template":"","format":"standard","meta":{"footnotes":""},"categories":[34914,34917,24637,1164,24664,24632,1163,1168],"tags":[],"vendi":[],"content_country":[],"class_list":["post-907470","post","type-post","status-publish","format-standard","has-post-thumbnail","hentry","category-la-vie-en-allemagne","category-autres-fr-5","category-nouvelles-fr-4","category-integration-fr","category-theatre","category-nouvelles-fr","category-fr-e-diaspora","category-culture"],"acf":[],"_links":{"self":[{"href":"https:\/\/www.albinfo.at\/fr\/wp-json\/wp\/v2\/posts\/907470","targetHints":{"allow":["GET"]}}],"collection":[{"href":"https:\/\/www.albinfo.at\/fr\/wp-json\/wp\/v2\/posts"}],"about":[{"href":"https:\/\/www.albinfo.at\/fr\/wp-json\/wp\/v2\/types\/post"}],"author":[{"embeddable":true,"href":"https:\/\/www.albinfo.at\/fr\/wp-json\/wp\/v2\/users\/6"}],"replies":[{"embeddable":true,"href":"https:\/\/www.albinfo.at\/fr\/wp-json\/wp\/v2\/comments?post=907470"}],"version-history":[{"count":1,"href":"https:\/\/www.albinfo.at\/fr\/wp-json\/wp\/v2\/posts\/907470\/revisions"}],"predecessor-version":[{"id":907471,"href":"https:\/\/www.albinfo.at\/fr\/wp-json\/wp\/v2\/posts\/907470\/revisions\/907471"}],"wp:featuredmedia":[{"embeddable":true,"href":"https:\/\/www.albinfo.at\/fr\/wp-json\/wp\/v2\/media\/907255"}],"wp:attachment":[{"href":"https:\/\/www.albinfo.at\/fr\/wp-json\/wp\/v2\/media?parent=907470"}],"wp:term":[{"taxonomy":"category","embeddable":true,"href":"https:\/\/www.albinfo.at\/fr\/wp-json\/wp\/v2\/categories?post=907470"},{"taxonomy":"post_tag","embeddable":true,"href":"https:\/\/www.albinfo.at\/fr\/wp-json\/wp\/v2\/tags?post=907470"},{"taxonomy":"vendi","embeddable":true,"href":"https:\/\/www.albinfo.at\/fr\/wp-json\/wp\/v2\/vendi?post=907470"},{"taxonomy":"content_country","embeddable":true,"href":"https:\/\/www.albinfo.at\/fr\/wp-json\/wp\/v2\/content_country?post=907470"}],"curies":[{"name":"wp","href":"https:\/\/api.w.org\/{rel}","templated":true}]}}