{"id":907220,"date":"2026-03-10T17:02:28","date_gmt":"2026-03-10T16:02:28","guid":{"rendered":"https:\/\/www.albinfo.ch\/?p=907220"},"modified":"2026-03-11T00:10:11","modified_gmt":"2026-03-10T23:10:11","slug":"une-albanaise-devrait-devenir-la-premiere-dame-du-bade-wurtemberg","status":"publish","type":"post","link":"https:\/\/www.albinfo.at\/fr\/une-albanaise-devrait-devenir-la-premiere-dame-du-bade-wurtemberg\/","title":{"rendered":"Une Albanaise devrait devenir la Premi\u00e8re dame du Bade-Wurtemberg"},"content":{"rendered":"<p data-start=\"8\" data-end=\"367\">Le <span class=\"hover:entity-accent entity-underline inline cursor-pointer align-baseline\"><span class=\"whitespace-normal\">Parti des Verts d&#8217;Allemagne<\/span><\/span> a remport\u00e9 les \u00e9lections r\u00e9gionales dans le <span class=\"hover:entity-accent entity-underline inline cursor-pointer align-baseline\"><span class=\"whitespace-normal\">Bade-Wurtemberg<\/span><\/span> le 8 mars 2026 avec 30,2 pour cent des voix. Avec ce r\u00e9sultat, le parti dirig\u00e9 par son candidat principal <span class=\"hover:entity-accent entity-underline inline cursor-pointer align-baseline\"><span class=\"whitespace-normal\">Cem \u00d6zdemir<\/span><\/span> a devanc\u00e9 de justesse la <span class=\"hover:entity-accent entity-underline inline cursor-pointer align-baseline\"><span class=\"whitespace-normal\">Union chr\u00e9tienne-d\u00e9mocrate<\/span><\/span>, qui a obtenu 29,7 pour cent.<\/p>\n<p data-start=\"369\" data-end=\"483\">Les Verts disposeront ainsi de 56 si\u00e8ges dans le nouveau parlement r\u00e9gional, exactement le m\u00eame nombre que la CDU.<\/p>\n<p data-start=\"485\" data-end=\"719\">Apr\u00e8s cette victoire, Cem \u00d6zdemir a d\u00e9clar\u00e9 vouloir devenir le nouveau ministre-pr\u00e9sident du Bade-Wurtemberg et succ\u00e9der \u00e0 <span class=\"hover:entity-accent entity-underline inline cursor-pointer align-baseline\"><span class=\"whitespace-normal\">Winfried Kretschmann<\/span><\/span>, \u00e9galement membre des Verts, qui a occup\u00e9 ce poste pendant trois mandats.<\/p>\n<p data-start=\"721\" data-end=\"925\">Avec cette perspective r\u00e9aliste de voir \u00d6zdemir devenir ministre-pr\u00e9sident commence ce que certains m\u00e9dias ont appel\u00e9 une &#8220;histoire rose&#8221;, qui suscite aussi l\u2019int\u00e9r\u00eat du public albanais, \u00e9crit albinfo.ch.<\/p>\n<p data-start=\"927\" data-end=\"1011\">La raison est simple: la future &#8220;Premi\u00e8re dame&#8221; du Land pourrait \u00eatre une Albanaise.<\/p>\n<p data-start=\"1013\" data-end=\"1305\">L\u2019\u00e9pouse du futur chef du gouvernement r\u00e9gional, avec laquelle \u00d6zdemir s\u2019est mari\u00e9 il y a seulement quelques semaines, est l\u2019Albano-Canadienne <span class=\"hover:entity-accent entity-underline inline cursor-pointer align-baseline\"><span class=\"whitespace-normal\">Flavia Zaka<\/span><\/span>. Elle travaille comme avocate et est sp\u00e9cialis\u00e9e dans les questions environnementales et les droits de l\u2019homme.<\/p>\n<p data-start=\"1307\" data-end=\"1632\">Le mariage du couple, d\u2019abord gard\u00e9 secret pour des raisons de s\u00e9curit\u00e9, a eu lieu \u00e0 la mairie de <span class=\"hover:entity-accent entity-underline inline cursor-pointer align-baseline\"><span class=\"whitespace-normal\">T\u00fcbingen<\/span><\/span> deux semaines avant les \u00e9lections r\u00e9gionales. Les photos du mari\u00e9 Cem \u00d6zdemir et de la mari\u00e9e, tenant un bouquet de roses, ont rapidement attir\u00e9 l\u2019attention des m\u00e9dias, \u00e9crit morgenpost.de.<\/p>\n<p data-start=\"1634\" data-end=\"1871\">La juriste de 40 ans et son partenaire, de vingt ans son a\u00een\u00e9, avaient \u00e9galement attir\u00e9 l\u2019attention des photographes lors du bal de la presse r\u00e9gionale \u00e0 <span class=\"hover:entity-accent entity-underline inline cursor-pointer align-baseline\"><span class=\"whitespace-normal\">Stuttgart<\/span><\/span> en novembre, o\u00f9 on les a vus danser ensemble.<\/p>\n<p data-start=\"1873\" data-end=\"2187\">Flavia Zaka est citoyenne canadienne et pourrait devenir Premi\u00e8re dame du Bade-Wurtemberg apr\u00e8s la victoire \u00e9lectorale d\u2019\u00d6zdemir. La mani\u00e8re dont elle assumera ce r\u00f4le reste \u00e0 voir. Avant les \u00e9lections, elle a refus\u00e9 de dire publiquement si elle accepterait des patronages ou s\u2019engagerait dans des causes sociales.<\/p>\n<p data-start=\"2189\" data-end=\"2592\">Dans une interview accord\u00e9e au journal <span class=\"hover:entity-accent entity-underline inline cursor-pointer align-baseline\"><span class=\"whitespace-normal\">S\u00fcdkurier<\/span><\/span>, elle a racont\u00e9 son parcours de vie. Originaire d\u2019<span class=\"hover:entity-accent entity-underline inline cursor-pointer align-baseline\"><span class=\"whitespace-normal\">Albanie<\/span><\/span>, elle a \u00e9migr\u00e9 au <span class=\"hover:entity-accent entity-underline inline cursor-pointer align-baseline\"><span class=\"whitespace-normal\">Canada<\/span><\/span> avec ses parents et sa s\u0153ur \u00e0 l\u2019\u00e2ge de douze ans. Son installation d\u00e9finitive dans le Bade-Wurtemberg pour rejoindre Cem \u00d6zdemir s\u2019est faite \u00e0 la suite d\u2019une s\u00e9rie de co\u00efncidences.<\/p>\n<p data-start=\"2594\" data-end=\"3106\">Lors d\u2019une ann\u00e9e d\u2019\u00e9tudes \u00e0 l\u2019\u00e9tranger en 2008 \u00e0 <span class=\"hover:entity-accent entity-underline inline cursor-pointer align-baseline\"><span class=\"whitespace-normal\">Constance<\/span><\/span>, au bord du <span class=\"hover:entity-accent entity-underline inline cursor-pointer align-baseline\"><span class=\"whitespace-normal\">Lac de Constance<\/span><\/span>, elle a rencontr\u00e9 une nouvelle amie pendant ses \u00e9tudes de droit et de sciences politiques. Plus tard, en 2023, alors qu\u2019elle travaillait d\u00e9j\u00e0 comme avocate sp\u00e9cialis\u00e9e en droit de l\u2019environnement et en droits humains \u00e0 <span class=\"hover:entity-accent entity-underline inline cursor-pointer align-baseline\"><span class=\"whitespace-normal\">Toronto<\/span><\/span>, cette amie l\u2019a invit\u00e9e \u00e0 une f\u00eate d\u2019anniversaire \u00e0 Stuttgart. Cem \u00d6zdemir faisait \u00e9galement partie des invit\u00e9s.<\/p>\n<p data-start=\"3108\" data-end=\"3332\">C\u2019est l\u00e0 que l\u2019\u00e9tincelle s\u2019est produite. &#8220;Je connais Stuttgart depuis plus longtemps que je ne connais Cem. Mais c\u2019est ici que nous nous sommes rencontr\u00e9s&#8221;, a d\u00e9clar\u00e9 Flavia Zaka au journal S\u00fcdkurier dans un allemand fluide.<\/p>\n<p data-start=\"3334\" data-end=\"3444\">Quitter le Canada, son travail, sa famille et m\u00eame son chien bien-aim\u00e9 n\u2019a toutefois pas \u00e9t\u00e9 facile pour elle.<\/p>\n<p data-start=\"3446\" data-end=\"3683\">Quant aux possibilit\u00e9s de coalition, la poursuite de la coalition existante entre les Verts et la CDU, cette fois sous la direction des Verts avec \u00d6zdemir, est consid\u00e9r\u00e9e comme l\u2019option la plus probable selon les r\u00e9sultats pr\u00e9liminaires.<\/p>\n","protected":false},"excerpt":{"rendered":"<p>Gruaja n\u00eb krah t\u00eb kryeministrit t\u00eb pritsh\u00ebm, \u00d6zdemir, me t\u00eb cil\u00ebn ai \u00ebsht\u00eb kuror\u00ebzuar pak jav\u00eb m\u00eb par\u00eb, \u00ebsht\u00eb shqiptarja nga Kanadaja, me emrin Flavia Zaka<\/p>\n","protected":false},"author":6,"featured_media":907088,"comment_status":"closed","ping_status":"closed","sticky":false,"template":"","format":"standard","meta":{"footnotes":""},"categories":[34914,24630,24632,24644],"tags":[],"vendi":[],"content_country":[],"class_list":["post-907220","post","type-post","status-publish","format-standard","has-post-thumbnail","hentry","category-la-vie-en-allemagne","category-nouvelles","category-nouvelles-fr","category-thematique-fr"],"acf":[],"_links":{"self":[{"href":"https:\/\/www.albinfo.at\/fr\/wp-json\/wp\/v2\/posts\/907220","targetHints":{"allow":["GET"]}}],"collection":[{"href":"https:\/\/www.albinfo.at\/fr\/wp-json\/wp\/v2\/posts"}],"about":[{"href":"https:\/\/www.albinfo.at\/fr\/wp-json\/wp\/v2\/types\/post"}],"author":[{"embeddable":true,"href":"https:\/\/www.albinfo.at\/fr\/wp-json\/wp\/v2\/users\/6"}],"replies":[{"embeddable":true,"href":"https:\/\/www.albinfo.at\/fr\/wp-json\/wp\/v2\/comments?post=907220"}],"version-history":[{"count":1,"href":"https:\/\/www.albinfo.at\/fr\/wp-json\/wp\/v2\/posts\/907220\/revisions"}],"predecessor-version":[{"id":907221,"href":"https:\/\/www.albinfo.at\/fr\/wp-json\/wp\/v2\/posts\/907220\/revisions\/907221"}],"wp:featuredmedia":[{"embeddable":true,"href":"https:\/\/www.albinfo.at\/fr\/wp-json\/wp\/v2\/media\/907088"}],"wp:attachment":[{"href":"https:\/\/www.albinfo.at\/fr\/wp-json\/wp\/v2\/media?parent=907220"}],"wp:term":[{"taxonomy":"category","embeddable":true,"href":"https:\/\/www.albinfo.at\/fr\/wp-json\/wp\/v2\/categories?post=907220"},{"taxonomy":"post_tag","embeddable":true,"href":"https:\/\/www.albinfo.at\/fr\/wp-json\/wp\/v2\/tags?post=907220"},{"taxonomy":"vendi","embeddable":true,"href":"https:\/\/www.albinfo.at\/fr\/wp-json\/wp\/v2\/vendi?post=907220"},{"taxonomy":"content_country","embeddable":true,"href":"https:\/\/www.albinfo.at\/fr\/wp-json\/wp\/v2\/content_country?post=907220"}],"curies":[{"name":"wp","href":"https:\/\/api.w.org\/{rel}","templated":true}]}}