{"id":907210,"date":"2026-03-10T16:10:14","date_gmt":"2026-03-10T15:10:14","guid":{"rendered":"https:\/\/www.albinfo.ch\/?p=907210"},"modified":"2026-03-10T23:54:18","modified_gmt":"2026-03-10T22:54:18","slug":"suisse-quelle-est-la-place-de-la-langue-albanaise-parlee-a-la-maison","status":"publish","type":"post","link":"https:\/\/www.albinfo.at\/fr\/suisse-quelle-est-la-place-de-la-langue-albanaise-parlee-a-la-maison\/","title":{"rendered":"Suisse: Quelle est la place de la langue albanaise parl\u00e9e \u00e0 la maison"},"content":{"rendered":"<p data-start=\"8\" data-end=\"138\">Une personne sur quatre en <span class=\"hover:entity-accent entity-underline inline cursor-pointer align-baseline\"><span class=\"whitespace-normal\">Suisse<\/span><\/span> parle d\u00e9sormais une langue non nationale comme langue principale.<\/p>\n<p data-start=\"140\" data-end=\"316\">Les nouvelles donn\u00e9es de l\u2019<span class=\"hover:entity-accent entity-underline inline cursor-pointer align-baseline\"><span class=\"whitespace-normal\">Office f\u00e9d\u00e9ral de la statistique<\/span><\/span> montrent que cette proportion a atteint 25 pour cent en 2024, contre 19 pour cent en 2010, rapporte albinfo.ch.<\/p>\n<p data-start=\"318\" data-end=\"494\">Apr\u00e8s l\u2019allemand, le fran\u00e7ais et l\u2019italien, les langues les plus courantes sont l\u2019anglais avec 6 pour cent, suivi de l\u2019albanais et du portugais avec environ 3 pour cent chacun.<\/p>\n<p data-start=\"496\" data-end=\"721\">L\u2019anglais est particuli\u00e8rement r\u00e9pandu dans les grandes villes, avec environ 15 pour cent des habitants \u00e0 <span class=\"hover:entity-accent entity-underline inline cursor-pointer align-baseline\"><span class=\"whitespace-normal\">Gen\u00e8ve<\/span><\/span> et <span class=\"hover:entity-accent entity-underline inline cursor-pointer align-baseline\"><span class=\"whitespace-normal\">Zurich<\/span><\/span> qui l\u2019utilisent comme langue principale.<\/p>\n<p data-start=\"723\" data-end=\"850\">L\u2019\u00e9tude montre \u00e9galement que l\u2019anglais joue un r\u00f4le de plus en plus important dans le travail et dans l\u2019enseignement sup\u00e9rieur.<\/p>\n","protected":false},"excerpt":{"rendered":"<p>Sipas shifrave zyrtare gjuha shqipe flitet me 3 p\u00ebrqind<\/p>\n","protected":false},"author":6,"featured_media":907211,"comment_status":"closed","ping_status":"closed","sticky":false,"template":"","format":"standard","meta":{"footnotes":""},"categories":[24637,18826,1163,1170],"tags":[],"vendi":[],"content_country":[],"class_list":["post-907210","post","type-post","status-publish","format-standard","has-post-thumbnail","hentry","category-nouvelles-fr-4","category-lajme-jeta-ne-zvicer-fr","category-fr-e-diaspora","category-vivre-en-suisse"],"acf":[],"_links":{"self":[{"href":"https:\/\/www.albinfo.at\/fr\/wp-json\/wp\/v2\/posts\/907210","targetHints":{"allow":["GET"]}}],"collection":[{"href":"https:\/\/www.albinfo.at\/fr\/wp-json\/wp\/v2\/posts"}],"about":[{"href":"https:\/\/www.albinfo.at\/fr\/wp-json\/wp\/v2\/types\/post"}],"author":[{"embeddable":true,"href":"https:\/\/www.albinfo.at\/fr\/wp-json\/wp\/v2\/users\/6"}],"replies":[{"embeddable":true,"href":"https:\/\/www.albinfo.at\/fr\/wp-json\/wp\/v2\/comments?post=907210"}],"version-history":[{"count":1,"href":"https:\/\/www.albinfo.at\/fr\/wp-json\/wp\/v2\/posts\/907210\/revisions"}],"predecessor-version":[{"id":907212,"href":"https:\/\/www.albinfo.at\/fr\/wp-json\/wp\/v2\/posts\/907210\/revisions\/907212"}],"wp:featuredmedia":[{"embeddable":true,"href":"https:\/\/www.albinfo.at\/fr\/wp-json\/wp\/v2\/media\/907211"}],"wp:attachment":[{"href":"https:\/\/www.albinfo.at\/fr\/wp-json\/wp\/v2\/media?parent=907210"}],"wp:term":[{"taxonomy":"category","embeddable":true,"href":"https:\/\/www.albinfo.at\/fr\/wp-json\/wp\/v2\/categories?post=907210"},{"taxonomy":"post_tag","embeddable":true,"href":"https:\/\/www.albinfo.at\/fr\/wp-json\/wp\/v2\/tags?post=907210"},{"taxonomy":"vendi","embeddable":true,"href":"https:\/\/www.albinfo.at\/fr\/wp-json\/wp\/v2\/vendi?post=907210"},{"taxonomy":"content_country","embeddable":true,"href":"https:\/\/www.albinfo.at\/fr\/wp-json\/wp\/v2\/content_country?post=907210"}],"curies":[{"name":"wp","href":"https:\/\/api.w.org\/{rel}","templated":true}]}}