{"id":907179,"date":"2026-03-10T13:01:07","date_gmt":"2026-03-10T12:01:07","guid":{"rendered":"https:\/\/www.albinfo.ch\/?p=907179"},"modified":"2026-03-10T22:58:40","modified_gmt":"2026-03-10T21:58:40","slug":"la-suisse-vers-une-prolongation-de-sa-mission-militaire-au-kosovo-jusquen-2029","status":"publish","type":"post","link":"https:\/\/www.albinfo.at\/fr\/la-suisse-vers-une-prolongation-de-sa-mission-militaire-au-kosovo-jusquen-2029\/","title":{"rendered":"La Suisse vers une prolongation de sa mission militaire au Kosovo jusqu\u2019en 2029"},"content":{"rendered":"<p data-start=\"6\" data-end=\"564\">Le <span class=\"hover:entity-accent entity-underline inline cursor-pointer align-baseline\"><span class=\"whitespace-normal\">Conseil des \u00c9tats<\/span><\/span> en <span class=\"hover:entity-accent entity-underline inline cursor-pointer align-baseline\"><span class=\"whitespace-normal\">Suisse<\/span><\/span> a approuv\u00e9 mardi la d\u00e9cision de prolonger la mission de <span class=\"hover:entity-accent entity-underline inline cursor-pointer align-baseline\"><span class=\"whitespace-normal\">Swisscoy<\/span><\/span> au <span class=\"hover:entity-accent entity-underline inline cursor-pointer align-baseline\"><span class=\"whitespace-normal\">Kosovo<\/span><\/span> jusqu\u2019\u00e0 la fin de l\u2019ann\u00e9e 2029, avec 37 voix pour, 2 contre et 4 abstentions. Cette mission internationale de maintien de la paix se d\u00e9roule dans le cadre des op\u00e9rations de la <span class=\"hover:entity-accent entity-underline inline cursor-pointer align-baseline\"><span class=\"whitespace-normal\">NATO<\/span><\/span> au sein de la <span class=\"hover:entity-accent entity-underline inline cursor-pointer align-baseline\"><span class=\"whitespace-normal\">Kosovo Force<\/span><\/span> (KFOR) et comprend la participation de l\u2019arm\u00e9e suisse, rapporte albinfo.ch.<\/p>\n<p data-start=\"566\" data-end=\"856\">Depuis octobre 1999, la Suisse a d\u00e9ploy\u00e9 son contingent Swisscoy au Kosovo, contribuant \u00e0 la stabilit\u00e9 et \u00e0 la s\u00e9curit\u00e9 r\u00e9gionales. Actuellement, le nombre maximal de militaires suisses pouvant \u00eatre engag\u00e9s dans cette mission est de 215, et le mandat actuel expire \u00e0 la fin de l\u2019ann\u00e9e 2026.<\/p>\n<p data-start=\"858\" data-end=\"1136\">Le <span class=\"hover:entity-accent entity-underline inline cursor-pointer align-baseline\"><span class=\"whitespace-normal\">Conseil f\u00e9d\u00e9ral suisse<\/span><\/span> a propos\u00e9 de prolonger le mandat jusqu\u2019en 2029, tout en maintenant le m\u00eame nombre de troupes, avec la possibilit\u00e9 d\u2019ajouter jusqu\u2019\u00e0 30 personnes suppl\u00e9mentaires si la situation s\u00e9curitaire se d\u00e9t\u00e9riore et si la KFOR demande des renforts.<\/p>\n<p data-start=\"1138\" data-end=\"1630\">Le ministre de la D\u00e9fense, <span class=\"hover:entity-accent entity-underline inline cursor-pointer align-baseline\"><span class=\"whitespace-normal\">Martin Pfister<\/span><\/span>, a soulign\u00e9 que la situation est actuellement calme, mais demeure fragile, en particulier dans le nord du Kosovo, o\u00f9 les tensions entre communaut\u00e9s ethniques restent pr\u00e9sentes. Il a ajout\u00e9 qu\u2019en 2023, des incidents de s\u00e9curit\u00e9 graves ont contraint l\u2019OTAN \u00e0 renforcer la KFOR \u00e0 deux reprises et que la participation de Swisscoy est consid\u00e9r\u00e9e comme n\u00e9cessaire jusqu\u2019\u00e0 la normalisation des relations entre le Kosovo et la Serbie.<\/p>\n<p data-start=\"1632\" data-end=\"1901\">Selon la loi, la participation des troupes suisses \u00e0 des missions internationales doit \u00eatre approuv\u00e9e par le parlement. Apr\u00e8s l\u2019approbation du <span class=\"hover:entity-accent entity-underline inline cursor-pointer align-baseline\"><span class=\"whitespace-normal\">Conseil des \u00c9tats<\/span><\/span>, la d\u00e9cision doit maintenant \u00eatre examin\u00e9e par le <span class=\"hover:entity-accent entity-underline inline cursor-pointer align-baseline\"><span class=\"whitespace-normal\">Conseil national suisse<\/span><\/span>.<\/p>\n<p data-start=\"1903\" data-end=\"2111\">Le budget pr\u00e9vu pour la mission avec 215 membres est de 48,9 millions de francs suisses, tandis que toute augmentation \u00e9ventuelle du nombre de troupes sera financ\u00e9e par le budget du D\u00e9partement de la d\u00e9fense.<\/p>\n<p data-start=\"2113\" data-end=\"2209\">Le Conseil des \u00c9tats est la chambre haute du parlement suisse et repr\u00e9sente les cantons du pays.<\/p>\n","protected":false},"excerpt":{"rendered":"<p>Mandati i trupave zvicerane n\u00eb kuad\u00ebr t\u00eb KFOR-it do t\u00eb vazhdoj\u00eb me maksimum 215 ushtar\u00eb, me mund\u00ebsi rritjeje t\u00eb p\u00ebrkohshme n\u00eb rast nevoje.<\/p>\n","protected":false},"author":6,"featured_media":619579,"comment_status":"closed","ping_status":"closed","sticky":false,"template":"","format":"standard","meta":{"footnotes":""},"categories":[23271,1160,3949,23277,18826,23270,1159,1170],"tags":[],"vendi":[],"content_country":[],"class_list":["post-907179","post","type-post","status-publish","format-standard","has-post-thumbnail","hentry","category-kosovo","category-actuel","category-kosova-fr","category-news-fr","category-lajme-jeta-ne-zvicer-fr","category-at-balkani-fr","category-ch-balkans","category-vivre-en-suisse"],"acf":[],"_links":{"self":[{"href":"https:\/\/www.albinfo.at\/fr\/wp-json\/wp\/v2\/posts\/907179","targetHints":{"allow":["GET"]}}],"collection":[{"href":"https:\/\/www.albinfo.at\/fr\/wp-json\/wp\/v2\/posts"}],"about":[{"href":"https:\/\/www.albinfo.at\/fr\/wp-json\/wp\/v2\/types\/post"}],"author":[{"embeddable":true,"href":"https:\/\/www.albinfo.at\/fr\/wp-json\/wp\/v2\/users\/6"}],"replies":[{"embeddable":true,"href":"https:\/\/www.albinfo.at\/fr\/wp-json\/wp\/v2\/comments?post=907179"}],"version-history":[{"count":1,"href":"https:\/\/www.albinfo.at\/fr\/wp-json\/wp\/v2\/posts\/907179\/revisions"}],"predecessor-version":[{"id":907180,"href":"https:\/\/www.albinfo.at\/fr\/wp-json\/wp\/v2\/posts\/907179\/revisions\/907180"}],"wp:featuredmedia":[{"embeddable":true,"href":"https:\/\/www.albinfo.at\/fr\/wp-json\/wp\/v2\/media\/619579"}],"wp:attachment":[{"href":"https:\/\/www.albinfo.at\/fr\/wp-json\/wp\/v2\/media?parent=907179"}],"wp:term":[{"taxonomy":"category","embeddable":true,"href":"https:\/\/www.albinfo.at\/fr\/wp-json\/wp\/v2\/categories?post=907179"},{"taxonomy":"post_tag","embeddable":true,"href":"https:\/\/www.albinfo.at\/fr\/wp-json\/wp\/v2\/tags?post=907179"},{"taxonomy":"vendi","embeddable":true,"href":"https:\/\/www.albinfo.at\/fr\/wp-json\/wp\/v2\/vendi?post=907179"},{"taxonomy":"content_country","embeddable":true,"href":"https:\/\/www.albinfo.at\/fr\/wp-json\/wp\/v2\/content_country?post=907179"}],"curies":[{"name":"wp","href":"https:\/\/api.w.org\/{rel}","templated":true}]}}