{"id":907166,"date":"2026-03-10T12:08:48","date_gmt":"2026-03-10T11:08:48","guid":{"rendered":"https:\/\/www.albinfo.ch\/?p=907166"},"modified":"2026-03-10T22:45:14","modified_gmt":"2026-03-10T21:45:14","slug":"ous-les-billets-pour-le-match-slovaquie-kosovo-sont-vendus","status":"publish","type":"post","link":"https:\/\/www.albinfo.at\/fr\/ous-les-billets-pour-le-match-slovaquie-kosovo-sont-vendus\/","title":{"rendered":"Tous les billets pour le match Slovaquie &#8211; Kosovo sont vendus"},"content":{"rendered":"<p data-start=\"6\" data-end=\"368\">Le groupe de supporters de l\u2019\u00e9quipe nationale du Kosovo, les <span class=\"hover:entity-accent entity-underline inline cursor-pointer align-baseline\"><span class=\"whitespace-normal\">Dardan\u00ebt<\/span><\/span>, a annonc\u00e9 qu\u2019il n\u2019y a plus de billets disponibles pour le match tr\u00e8s attendu entre <span class=\"hover:entity-accent entity-underline inline cursor-pointer align-baseline\"><span class=\"whitespace-normal\">Kosovo national football team<\/span><\/span> et <span class=\"hover:entity-accent entity-underline inline cursor-pointer align-baseline\"><span class=\"whitespace-normal\">Slovakia national football team<\/span><\/span> dans le barrage de qualification pour la <span class=\"hover:entity-accent entity-underline inline cursor-pointer align-baseline\"><span class=\"whitespace-normal\">2026 FIFA World Cup<\/span><\/span>, rapporte albinfo.ch.<\/p>\n<p data-start=\"370\" data-end=\"555\">La rencontre, qui se jouera le 26 mars au <span class=\"hover:entity-accent entity-underline inline cursor-pointer align-baseline\"><span class=\"whitespace-normal\">Teheln\u00e9 pole Stadium<\/span><\/span> \u00e0 <span class=\"hover:entity-accent entity-underline inline cursor-pointer align-baseline\"><span class=\"whitespace-normal\">Bratislava<\/span><\/span>, a suscit\u00e9 un int\u00e9r\u00eat exceptionnel parmi les supporters kosovars.<\/p>\n<p data-start=\"557\" data-end=\"821\">Selon l\u2019annonce des Dardan\u00ebt, environ 1 100 billets avaient \u00e9t\u00e9 attribu\u00e9s \u00e0 la <span class=\"hover:entity-accent entity-underline inline cursor-pointer align-baseline\"><span class=\"whitespace-normal\">F\u00e9d\u00e9ration de football du Kosovo<\/span><\/span> pour le secteur r\u00e9serv\u00e9 aux supporters visiteurs, et ils sont d\u00e9sormais tous r\u00e9serv\u00e9s, m\u00eame s\u2019il reste encore plus de deux semaines avant le match.<\/p>\n<p data-start=\"823\" data-end=\"1194\">&#8220;En tant que groupe de supporters, nous avons d\u00e9j\u00e0 re\u00e7u la liste des personnes qui ont r\u00e9serv\u00e9 des billets pour la rencontre historique du 26 mars, selon le nombre garanti par les r\u00e8gles pour les tribunes visiteurs. Nous demandons donc votre compr\u00e9hension car \u00e0 partir d\u2019aujourd\u2019hui nous ne pouvons plus examiner aucune nouvelle demande de billet&#8221;, indique le communiqu\u00e9.<\/p>\n<p data-start=\"1196\" data-end=\"1372\">Les Dardan\u00ebt ont toutefois annonc\u00e9 que les abonnements annuels se poursuivent, invitant les supporters \u00e0 s\u2019inscrire afin de profiter des prochains matchs de l\u2019\u00e9quipe nationale.<\/p>\n<p data-start=\"1374\" data-end=\"1668\">Le grand int\u00e9r\u00eat \u00e9tait \u00e9galement attendu en raison des r\u00e9sultats positifs r\u00e9cents du Kosovo, tandis que le soutien des supporters a \u00e9t\u00e9 tr\u00e8s visible lors des matchs disput\u00e9s \u00e0 <span class=\"hover:entity-accent entity-underline inline cursor-pointer align-baseline\"><span class=\"whitespace-normal\">Ljubljana<\/span><\/span>, <span class=\"hover:entity-accent entity-underline inline cursor-pointer align-baseline\"><span class=\"whitespace-normal\">Gothenburg<\/span><\/span> et <span class=\"hover:entity-accent entity-underline inline cursor-pointer align-baseline\"><span class=\"whitespace-normal\">Basel<\/span><\/span>.<\/p>\n<p data-start=\"1670\" data-end=\"1868\">Entre temps, la <span class=\"hover:entity-accent entity-underline inline cursor-pointer align-baseline\"><span class=\"whitespace-normal\">Slovak Football Association<\/span><\/span> a pris des mesures pour \u00e9viter que les billets des secteurs r\u00e9serv\u00e9s aux supporters locaux ne se retrouvent entre les mains des fans kosovars.<\/p>\n<p data-start=\"1870\" data-end=\"2072\">Le <span class=\"hover:entity-accent entity-underline inline cursor-pointer align-baseline\"><span class=\"whitespace-normal\">Teheln\u00e9 pole Stadium<\/span><\/span> a une capacit\u00e9 d\u2019environ 22 500 places et, selon les r\u00e8gles de <span class=\"hover:entity-accent entity-underline inline cursor-pointer align-baseline\"><span class=\"whitespace-normal\">UEFA<\/span><\/span>, 5 % des billets sont r\u00e9serv\u00e9s aux supporters visiteurs.<\/p>\n<p data-start=\"2074\" data-end=\"2396\">Si l\u2019<span class=\"hover:entity-accent entity-underline inline cursor-pointer align-baseline\"><span class=\"whitespace-normal\">Kosovo national football team<\/span><\/span> parvient \u00e0 battre la Slovaquie, elle affrontera en finale des barrages le 31 mars au <span class=\"hover:entity-accent entity-underline inline cursor-pointer align-baseline\"><span class=\"whitespace-normal\">Fadil Vokrri Stadium<\/span><\/span> \u00e0 <span class=\"hover:entity-accent entity-underline inline cursor-pointer align-baseline\"><span class=\"whitespace-normal\">Pristina<\/span><\/span> le vainqueur du duel entre <span class=\"hover:entity-accent entity-underline inline cursor-pointer align-baseline\"><span class=\"whitespace-normal\">Turkey national football team<\/span><\/span> et <span class=\"hover:entity-accent entity-underline inline cursor-pointer align-baseline\"><span class=\"whitespace-normal\">Romania national football team<\/span><\/span>.<\/p>\n","protected":false},"excerpt":{"rendered":"<p>Interesim i madh p\u00ebr duelin e plejofit p\u00ebr Bot\u00ebrorin 2026, rreth 1,100 bileta p\u00ebr tifoz\u00ebt e Kosov\u00ebs tashm\u00eb jan\u00eb rezervuar.<\/p>\n","protected":false},"author":6,"featured_media":858848,"comment_status":"closed","ping_status":"closed","sticky":false,"template":"","format":"standard","meta":{"footnotes":""},"categories":[24630,24671,1169],"tags":[],"vendi":[],"content_country":[],"class_list":["post-907166","post","type-post","status-publish","format-standard","has-post-thumbnail","hentry","category-nouvelles","category-football","category-sport-fr"],"acf":[],"_links":{"self":[{"href":"https:\/\/www.albinfo.at\/fr\/wp-json\/wp\/v2\/posts\/907166","targetHints":{"allow":["GET"]}}],"collection":[{"href":"https:\/\/www.albinfo.at\/fr\/wp-json\/wp\/v2\/posts"}],"about":[{"href":"https:\/\/www.albinfo.at\/fr\/wp-json\/wp\/v2\/types\/post"}],"author":[{"embeddable":true,"href":"https:\/\/www.albinfo.at\/fr\/wp-json\/wp\/v2\/users\/6"}],"replies":[{"embeddable":true,"href":"https:\/\/www.albinfo.at\/fr\/wp-json\/wp\/v2\/comments?post=907166"}],"version-history":[{"count":3,"href":"https:\/\/www.albinfo.at\/fr\/wp-json\/wp\/v2\/posts\/907166\/revisions"}],"predecessor-version":[{"id":907172,"href":"https:\/\/www.albinfo.at\/fr\/wp-json\/wp\/v2\/posts\/907166\/revisions\/907172"}],"wp:featuredmedia":[{"embeddable":true,"href":"https:\/\/www.albinfo.at\/fr\/wp-json\/wp\/v2\/media\/858848"}],"wp:attachment":[{"href":"https:\/\/www.albinfo.at\/fr\/wp-json\/wp\/v2\/media?parent=907166"}],"wp:term":[{"taxonomy":"category","embeddable":true,"href":"https:\/\/www.albinfo.at\/fr\/wp-json\/wp\/v2\/categories?post=907166"},{"taxonomy":"post_tag","embeddable":true,"href":"https:\/\/www.albinfo.at\/fr\/wp-json\/wp\/v2\/tags?post=907166"},{"taxonomy":"vendi","embeddable":true,"href":"https:\/\/www.albinfo.at\/fr\/wp-json\/wp\/v2\/vendi?post=907166"},{"taxonomy":"content_country","embeddable":true,"href":"https:\/\/www.albinfo.at\/fr\/wp-json\/wp\/v2\/content_country?post=907166"}],"curies":[{"name":"wp","href":"https:\/\/api.w.org\/{rel}","templated":true}]}}