{"id":906729,"date":"2026-03-08T17:18:40","date_gmt":"2026-03-08T16:18:40","guid":{"rendered":"https:\/\/www.albinfo.ch\/?p=906729"},"modified":"2026-03-08T23:51:16","modified_gmt":"2026-03-08T22:51:16","slug":"muriqi-continue-detablir-des-records","status":"publish","type":"post","link":"https:\/\/www.albinfo.at\/fr\/muriqi-continue-detablir-des-records\/","title":{"rendered":"Muriqi continue d\u2019\u00e9tablir des records"},"content":{"rendered":"<p data-start=\"6\" data-end=\"102\"><span class=\"hover:entity-accent entity-underline inline cursor-pointer align-baseline\"><span class=\"whitespace-normal\">Vedat Muriqi<\/span><\/span> a atteint le total de 18 buts au cours d\u2019une seule saison.<\/p>\n<p data-start=\"104\" data-end=\"263\">L\u2019attaquant kosovar a r\u00e9alis\u00e9 ce chiffre avec <span class=\"hover:entity-accent entity-underline inline cursor-pointer align-baseline\"><span class=\"whitespace-normal\">RCD Mallorca<\/span><\/span> en <span class=\"hover:entity-accent entity-underline inline cursor-pointer align-baseline\"><span class=\"whitespace-normal\">La Liga<\/span><\/span> cette saison, rapporte albinfo.ch.<\/p>\n<p data-start=\"265\" data-end=\"374\">Il s\u2019agit du plus grand nombre de buts inscrits par Muriqi dans un championnat au cours de toute sa carri\u00e8re.<\/p>\n<p data-start=\"376\" data-end=\"512\">Il avait marqu\u00e9 17 buts avec <span class=\"hover:entity-accent entity-underline inline cursor-pointer align-baseline\"><span class=\"whitespace-normal\">Giresunspor<\/span><\/span> lors de la saison 2015\/16 dans la deuxi\u00e8me division du football turc.<\/p>\n<p data-start=\"514\" data-end=\"663\">Entre-temps, avec <span class=\"hover:entity-accent entity-underline inline cursor-pointer align-baseline\"><span class=\"whitespace-normal\">Fenerbah\u00e7e<\/span><\/span>, il avait inscrit 15 buts lors de la saison 2019\/20 en <span class=\"hover:entity-accent entity-underline inline cursor-pointer align-baseline\"><span class=\"whitespace-normal\">S\u00fcper Lig<\/span><\/span>.<\/p>\n","protected":false},"excerpt":{"rendered":"<p>K\u00ebt\u00eb shif\u00ebr t\u00eb golave, Muriqi e ka arritur me Mallorcan n\u00eb La Liga n\u00eb k\u00ebt\u00eb sezon<\/p>\n","protected":false},"author":6,"featured_media":860627,"comment_status":"closed","ping_status":"closed","sticky":false,"template":"","format":"standard","meta":{"footnotes":""},"categories":[24671,1169],"tags":[],"vendi":[],"content_country":[],"class_list":["post-906729","post","type-post","status-publish","format-standard","has-post-thumbnail","hentry","category-football","category-sport-fr"],"acf":[],"_links":{"self":[{"href":"https:\/\/www.albinfo.at\/fr\/wp-json\/wp\/v2\/posts\/906729","targetHints":{"allow":["GET"]}}],"collection":[{"href":"https:\/\/www.albinfo.at\/fr\/wp-json\/wp\/v2\/posts"}],"about":[{"href":"https:\/\/www.albinfo.at\/fr\/wp-json\/wp\/v2\/types\/post"}],"author":[{"embeddable":true,"href":"https:\/\/www.albinfo.at\/fr\/wp-json\/wp\/v2\/users\/6"}],"replies":[{"embeddable":true,"href":"https:\/\/www.albinfo.at\/fr\/wp-json\/wp\/v2\/comments?post=906729"}],"version-history":[{"count":1,"href":"https:\/\/www.albinfo.at\/fr\/wp-json\/wp\/v2\/posts\/906729\/revisions"}],"predecessor-version":[{"id":906730,"href":"https:\/\/www.albinfo.at\/fr\/wp-json\/wp\/v2\/posts\/906729\/revisions\/906730"}],"wp:featuredmedia":[{"embeddable":true,"href":"https:\/\/www.albinfo.at\/fr\/wp-json\/wp\/v2\/media\/860627"}],"wp:attachment":[{"href":"https:\/\/www.albinfo.at\/fr\/wp-json\/wp\/v2\/media?parent=906729"}],"wp:term":[{"taxonomy":"category","embeddable":true,"href":"https:\/\/www.albinfo.at\/fr\/wp-json\/wp\/v2\/categories?post=906729"},{"taxonomy":"post_tag","embeddable":true,"href":"https:\/\/www.albinfo.at\/fr\/wp-json\/wp\/v2\/tags?post=906729"},{"taxonomy":"vendi","embeddable":true,"href":"https:\/\/www.albinfo.at\/fr\/wp-json\/wp\/v2\/vendi?post=906729"},{"taxonomy":"content_country","embeddable":true,"href":"https:\/\/www.albinfo.at\/fr\/wp-json\/wp\/v2\/content_country?post=906729"}],"curies":[{"name":"wp","href":"https:\/\/api.w.org\/{rel}","templated":true}]}}