{"id":906648,"date":"2026-03-08T12:10:04","date_gmt":"2026-03-08T11:10:04","guid":{"rendered":"https:\/\/www.albinfo.ch\/?p=906648"},"modified":"2026-03-08T20:48:49","modified_gmt":"2026-03-08T19:48:49","slug":"la-presidente-osmani-felicite-les-enseignants-le-7-mars-jour-de-lame-de-la-nation-et-de-la-langue-albanaise","status":"publish","type":"post","link":"https:\/\/www.albinfo.at\/fr\/la-presidente-osmani-felicite-les-enseignants-le-7-mars-jour-de-lame-de-la-nation-et-de-la-langue-albanaise\/","title":{"rendered":"La pr\u00e9sidente Osmani f\u00e9licite les enseignants: le 7 mars, jour de l\u2019\u00e2me de la nation et de la langue albanaise"},"content":{"rendered":"<p data-start=\"6\" data-end=\"339\">La pr\u00e9sidente du <span class=\"hover:entity-accent entity-underline inline cursor-pointer align-baseline\"><span class=\"whitespace-normal\">Kosovo<\/span><\/span>, <span class=\"hover:entity-accent entity-underline inline cursor-pointer align-baseline\"><span class=\"whitespace-normal\">Vjosa Osmani<\/span><\/span>, a adress\u00e9 ses f\u00e9licitations \u00e0 tous les enseignants \u00e0 l\u2019occasion du 7 mars, la Journ\u00e9e de l\u2019enseignant, en consid\u00e9rant cette date comme une f\u00eate de l\u2019\u00e2me de la nation albanaise, qui a surv\u00e9cu gr\u00e2ce \u00e0 la pr\u00e9servation de la langue albanaise.<\/p>\n<p data-start=\"341\" data-end=\"556\">Dans son message, la pr\u00e9sidente Osmani souligne que l\u2019\u00e9cole albanaise a \u00e9t\u00e9 un acte de r\u00e9sistance, fonctionnant dans des maisons, des sous sols et dans des conditions de sacrifice durant les p\u00e9riodes de pers\u00e9cution.<\/p>\n<p data-start=\"558\" data-end=\"884\">&#8220;En temps de pers\u00e9cution, les enseignants albanais ne se sont pas rendus. Ils ont maintenu vivantes la langue, le livre et le r\u00eave d\u2019une nation qui voulait vivre libre. Du premier banc de l\u2019\u00e9cole jusqu\u2019aux universit\u00e9s, c\u2019est la m\u00eame mission: \u00e9lever des g\u00e9n\u00e9rations qui aiment la langue, la patrie et la libert\u00e9&#8221;, \u00e9crit Osmani.<\/p>\n<p data-start=\"886\" data-end=\"1133\">Elle souligne \u00e9galement que le 7 mars est une journ\u00e9e de reconnaissance et de respect pour chaque enseignant qui, par le savoir et le d\u00e9vouement, \u00e9duque les g\u00e9n\u00e9rations et renforce les fondements de l\u2019\u00c9tat. Elle a conclu son message par la phrase:<\/p>\n<p data-start=\"1135\" data-end=\"1181\">&#8220;Bonne f\u00eate du 7 mars \u00e0 tous les enseignants.&#8221;<\/p>\n<p data-start=\"1183\" data-end=\"1355\">De cette mani\u00e8re, la pr\u00e9sidente Osmani rappelle aux citoyens l\u2019importance des enseignants et leur r\u00f4le dans la pr\u00e9servation de l\u2019identit\u00e9 nationale et culturelle albanaise.<\/p>\n","protected":false},"excerpt":{"rendered":"<p>Osmani: 7 Marsi \u00ebsht\u00eb festa e shpirtit t\u00eb kombit ton\u00eb, i cili mbijetoi fal\u00eb gjuh\u00ebs shqipe<\/p>\n","protected":false},"author":6,"featured_media":906255,"comment_status":"closed","ping_status":"closed","sticky":false,"template":"","format":"standard","meta":{"footnotes":""},"categories":[23271,1160,3949,23277,23270,1159],"tags":[],"vendi":[],"content_country":[],"class_list":["post-906648","post","type-post","status-publish","format-standard","has-post-thumbnail","hentry","category-kosovo","category-actuel","category-kosova-fr","category-news-fr","category-at-balkani-fr","category-ch-balkans"],"acf":[],"_links":{"self":[{"href":"https:\/\/www.albinfo.at\/fr\/wp-json\/wp\/v2\/posts\/906648","targetHints":{"allow":["GET"]}}],"collection":[{"href":"https:\/\/www.albinfo.at\/fr\/wp-json\/wp\/v2\/posts"}],"about":[{"href":"https:\/\/www.albinfo.at\/fr\/wp-json\/wp\/v2\/types\/post"}],"author":[{"embeddable":true,"href":"https:\/\/www.albinfo.at\/fr\/wp-json\/wp\/v2\/users\/6"}],"replies":[{"embeddable":true,"href":"https:\/\/www.albinfo.at\/fr\/wp-json\/wp\/v2\/comments?post=906648"}],"version-history":[{"count":1,"href":"https:\/\/www.albinfo.at\/fr\/wp-json\/wp\/v2\/posts\/906648\/revisions"}],"predecessor-version":[{"id":906649,"href":"https:\/\/www.albinfo.at\/fr\/wp-json\/wp\/v2\/posts\/906648\/revisions\/906649"}],"wp:featuredmedia":[{"embeddable":true,"href":"https:\/\/www.albinfo.at\/fr\/wp-json\/wp\/v2\/media\/906255"}],"wp:attachment":[{"href":"https:\/\/www.albinfo.at\/fr\/wp-json\/wp\/v2\/media?parent=906648"}],"wp:term":[{"taxonomy":"category","embeddable":true,"href":"https:\/\/www.albinfo.at\/fr\/wp-json\/wp\/v2\/categories?post=906648"},{"taxonomy":"post_tag","embeddable":true,"href":"https:\/\/www.albinfo.at\/fr\/wp-json\/wp\/v2\/tags?post=906648"},{"taxonomy":"vendi","embeddable":true,"href":"https:\/\/www.albinfo.at\/fr\/wp-json\/wp\/v2\/vendi?post=906648"},{"taxonomy":"content_country","embeddable":true,"href":"https:\/\/www.albinfo.at\/fr\/wp-json\/wp\/v2\/content_country?post=906648"}],"curies":[{"name":"wp","href":"https:\/\/api.w.org\/{rel}","templated":true}]}}