{"id":906457,"date":"2026-03-07T16:14:39","date_gmt":"2026-03-07T15:14:39","guid":{"rendered":"https:\/\/www.albinfo.ch\/?p=906457"},"modified":"2026-03-07T23:03:12","modified_gmt":"2026-03-07T22:03:12","slug":"les-derniers-developpements-au-kosovo-grenell-dieu-nous-prepare-au-retour-de-thaci","status":"publish","type":"post","link":"https:\/\/www.albinfo.at\/fr\/les-derniers-developpements-au-kosovo-grenell-dieu-nous-prepare-au-retour-de-thaci\/","title":{"rendered":"Les derniers d\u00e9veloppements au Kosovo, Grenell: Dieu nous pr\u00e9pare au retour de Tha\u00e7i"},"content":{"rendered":"<p data-start=\"6\" data-end=\"328\">L\u2019ancien envoy\u00e9 sp\u00e9cial des <span class=\"hover:entity-accent entity-underline inline cursor-pointer align-baseline\"><span class=\"whitespace-normal\">\u00c9tats-Unis<\/span><\/span> pour les Balkans occidentaux, <span class=\"hover:entity-accent entity-underline inline cursor-pointer align-baseline\"><span class=\"whitespace-normal\">Richard Grenell<\/span><\/span>, a r\u00e9agi apr\u00e8s la dissolution de l\u2019<span class=\"hover:entity-accent entity-underline inline cursor-pointer align-baseline\"><span class=\"whitespace-normal\">Assembl\u00e9e du Kosovo<\/span><\/span> et la possibilit\u00e9 d\u2019organiser de nouvelles \u00e9lections au <span class=\"hover:entity-accent entity-underline inline cursor-pointer align-baseline\"><span class=\"whitespace-normal\">Kosovo<\/span><\/span>, rapporte albinfo.ch.<\/p>\n<p data-start=\"330\" data-end=\"553\">Dans une publication sur la plateforme <span class=\"hover:entity-accent entity-underline inline cursor-pointer align-baseline\"><span class=\"whitespace-normal\">X<\/span><\/span>, Grenell a qualifi\u00e9 ce d\u00e9veloppement de bonne nouvelle, en \u00e9voquant \u00e9galement l\u2019ancien pr\u00e9sident du Kosovo, <span class=\"hover:entity-accent entity-underline inline cursor-pointer align-baseline\"><span class=\"whitespace-normal\">Hashim Tha\u00e7i<\/span><\/span>.<\/p>\n<p data-start=\"555\" data-end=\"701\">&#8220;Excellente nouvelle. Dieu nous pr\u00e9pare tous au retour de Hashim Tha\u00e7i au Kosovo. Tha\u00e7i comme Premier ministre&#8221;, a \u00e9crit Grenell dans sa r\u00e9action.<\/p>\n","protected":false},"excerpt":{"rendered":"<p>Ish-emisari amerikan p\u00ebr Ballkanin Per\u00ebndimor p\u00ebrmend mund\u00ebsin\u00eb e rikthimit t\u00eb Hashim Tha\u00e7i n\u00eb politik\u00ebn kosovare<\/p>\n","protected":false},"author":6,"featured_media":906222,"comment_status":"closed","ping_status":"closed","sticky":false,"template":"","format":"standard","meta":{"footnotes":""},"categories":[23271,1160,3949,23277,23270,1159],"tags":[],"vendi":[],"content_country":[],"class_list":["post-906457","post","type-post","status-publish","format-standard","has-post-thumbnail","hentry","category-kosovo","category-actuel","category-kosova-fr","category-news-fr","category-at-balkani-fr","category-ch-balkans"],"acf":[],"_links":{"self":[{"href":"https:\/\/www.albinfo.at\/fr\/wp-json\/wp\/v2\/posts\/906457","targetHints":{"allow":["GET"]}}],"collection":[{"href":"https:\/\/www.albinfo.at\/fr\/wp-json\/wp\/v2\/posts"}],"about":[{"href":"https:\/\/www.albinfo.at\/fr\/wp-json\/wp\/v2\/types\/post"}],"author":[{"embeddable":true,"href":"https:\/\/www.albinfo.at\/fr\/wp-json\/wp\/v2\/users\/6"}],"replies":[{"embeddable":true,"href":"https:\/\/www.albinfo.at\/fr\/wp-json\/wp\/v2\/comments?post=906457"}],"version-history":[{"count":1,"href":"https:\/\/www.albinfo.at\/fr\/wp-json\/wp\/v2\/posts\/906457\/revisions"}],"predecessor-version":[{"id":906458,"href":"https:\/\/www.albinfo.at\/fr\/wp-json\/wp\/v2\/posts\/906457\/revisions\/906458"}],"wp:featuredmedia":[{"embeddable":true,"href":"https:\/\/www.albinfo.at\/fr\/wp-json\/wp\/v2\/media\/906222"}],"wp:attachment":[{"href":"https:\/\/www.albinfo.at\/fr\/wp-json\/wp\/v2\/media?parent=906457"}],"wp:term":[{"taxonomy":"category","embeddable":true,"href":"https:\/\/www.albinfo.at\/fr\/wp-json\/wp\/v2\/categories?post=906457"},{"taxonomy":"post_tag","embeddable":true,"href":"https:\/\/www.albinfo.at\/fr\/wp-json\/wp\/v2\/tags?post=906457"},{"taxonomy":"vendi","embeddable":true,"href":"https:\/\/www.albinfo.at\/fr\/wp-json\/wp\/v2\/vendi?post=906457"},{"taxonomy":"content_country","embeddable":true,"href":"https:\/\/www.albinfo.at\/fr\/wp-json\/wp\/v2\/content_country?post=906457"}],"curies":[{"name":"wp","href":"https:\/\/api.w.org\/{rel}","templated":true}]}}