{"id":906374,"date":"2026-03-07T13:08:58","date_gmt":"2026-03-07T12:08:58","guid":{"rendered":"https:\/\/www.albinfo.ch\/?p=906374"},"modified":"2026-03-07T21:03:51","modified_gmt":"2026-03-07T20:03:51","slug":"xherdan-shaqiri-salue-koloton-apres-la-victoire-du-fc-basel-contre-fc-lausanne-sport","status":"publish","type":"post","link":"https:\/\/www.albinfo.at\/fr\/xherdan-shaqiri-salue-koloton-apres-la-victoire-du-fc-basel-contre-fc-lausanne-sport\/","title":{"rendered":"Xherdan Shaqiri salue Koloton apr\u00e8s la victoire du FC Basel contre FC Lausanne-Sport"},"content":{"rendered":"<p data-start=\"19\" data-end=\"389\">Le footballeur d\u2019origine albanaise <span class=\"hover:entity-accent entity-underline inline cursor-pointer align-baseline\"><span class=\"whitespace-normal\">Xherdan Shaqiri<\/span><\/span> a salu\u00e9 la performance du jeune attaquant talentueux <span class=\"hover:entity-accent entity-underline inline cursor-pointer align-baseline\"><span class=\"whitespace-normal\">Giacomo Koloto<\/span><\/span>, qui a \u00e9t\u00e9 d\u00e9cisif dans la victoire du <span class=\"hover:entity-accent entity-underline inline cursor-pointer align-baseline\"><span class=\"whitespace-normal\">FC Basel<\/span><\/span> contre <span class=\"hover:entity-accent entity-underline inline cursor-pointer align-baseline\"><span class=\"whitespace-normal\">FC Lausanne-Sport<\/span><\/span> sur le score de 2:1 en <span class=\"hover:entity-accent entity-underline inline cursor-pointer align-baseline\"><span class=\"whitespace-normal\">Swiss Super League<\/span><\/span>, rapporte albinfo.ch.<\/p>\n<p data-start=\"391\" data-end=\"539\">Koloto a inscrit les deux buts du match, offrant trois points importants \u00e0 l\u2019\u00e9quipe de B\u00e2le dans la lutte pour les premi\u00e8res places du classement.<\/p>\n<p data-start=\"541\" data-end=\"725\">Shaqiri, entr\u00e9 en jeu dans les 20 derni\u00e8res minutes de la rencontre disput\u00e9e dimanche, a soulign\u00e9 que l\u2019\u00e9quipe avait livr\u00e9 une bonne performance m\u00eame sans sa pr\u00e9sence sur le terrain.<\/p>\n<p data-start=\"727\" data-end=\"899\">&#8220;L\u2019\u00e9quipe a bien jou\u00e9 m\u00eame sans moi. Ces trois points sont tr\u00e8s importants pour notre confiance&#8221;, a d\u00e9clar\u00e9 Shaqiri au m\u00e9dia suisse <span class=\"hover:entity-accent entity-underline inline cursor-pointer align-baseline\"><span class=\"whitespace-normal\">Blick<\/span><\/span>.<\/p>\n<p data-start=\"901\" data-end=\"1103\">Apr\u00e8s cette victoire, <span class=\"hover:entity-accent entity-underline inline cursor-pointer align-baseline\"><span class=\"whitespace-normal\">FC Basel<\/span><\/span> occupe la quatri\u00e8me place du classement avec 43 points, poursuivant la lutte pour les positions qualificatives aux comp\u00e9titions europ\u00e9ennes.\/Albinfo.ch.<\/p>\n","protected":false},"excerpt":{"rendered":"<p>Sulmuesi i ri realizoi dy golat n\u00eb triumfin 2:1, nd\u00ebrsa ylli kosovar theksoi r\u00ebnd\u00ebsin\u00eb e tri pik\u00ebve p\u00ebr vet\u00ebbesimin e skuadr\u00ebs<\/p>\n","protected":false},"author":6,"featured_media":823939,"comment_status":"closed","ping_status":"closed","sticky":false,"template":"","format":"standard","meta":{"footnotes":""},"categories":[24630,24671,1169],"tags":[],"vendi":[],"content_country":[],"class_list":["post-906374","post","type-post","status-publish","format-standard","has-post-thumbnail","hentry","category-nouvelles","category-football","category-sport-fr"],"acf":[],"_links":{"self":[{"href":"https:\/\/www.albinfo.at\/fr\/wp-json\/wp\/v2\/posts\/906374","targetHints":{"allow":["GET"]}}],"collection":[{"href":"https:\/\/www.albinfo.at\/fr\/wp-json\/wp\/v2\/posts"}],"about":[{"href":"https:\/\/www.albinfo.at\/fr\/wp-json\/wp\/v2\/types\/post"}],"author":[{"embeddable":true,"href":"https:\/\/www.albinfo.at\/fr\/wp-json\/wp\/v2\/users\/6"}],"replies":[{"embeddable":true,"href":"https:\/\/www.albinfo.at\/fr\/wp-json\/wp\/v2\/comments?post=906374"}],"version-history":[{"count":1,"href":"https:\/\/www.albinfo.at\/fr\/wp-json\/wp\/v2\/posts\/906374\/revisions"}],"predecessor-version":[{"id":906375,"href":"https:\/\/www.albinfo.at\/fr\/wp-json\/wp\/v2\/posts\/906374\/revisions\/906375"}],"wp:featuredmedia":[{"embeddable":true,"href":"https:\/\/www.albinfo.at\/fr\/wp-json\/wp\/v2\/media\/823939"}],"wp:attachment":[{"href":"https:\/\/www.albinfo.at\/fr\/wp-json\/wp\/v2\/media?parent=906374"}],"wp:term":[{"taxonomy":"category","embeddable":true,"href":"https:\/\/www.albinfo.at\/fr\/wp-json\/wp\/v2\/categories?post=906374"},{"taxonomy":"post_tag","embeddable":true,"href":"https:\/\/www.albinfo.at\/fr\/wp-json\/wp\/v2\/tags?post=906374"},{"taxonomy":"vendi","embeddable":true,"href":"https:\/\/www.albinfo.at\/fr\/wp-json\/wp\/v2\/vendi?post=906374"},{"taxonomy":"content_country","embeddable":true,"href":"https:\/\/www.albinfo.at\/fr\/wp-json\/wp\/v2\/content_country?post=906374"}],"curies":[{"name":"wp","href":"https:\/\/api.w.org\/{rel}","templated":true}]}}