{"id":906145,"date":"2026-03-06T14:19:07","date_gmt":"2026-03-06T13:19:07","guid":{"rendered":"https:\/\/www.albinfo.ch\/?p=906145"},"modified":"2026-03-06T23:08:01","modified_gmt":"2026-03-06T22:08:01","slug":"le-royaume-perdu-de-dardanie-le-roman-qui-ramene-dardanie-dans-la-memoire","status":"publish","type":"post","link":"https:\/\/www.albinfo.at\/fr\/le-royaume-perdu-de-dardanie-le-roman-qui-ramene-dardanie-dans-la-memoire\/","title":{"rendered":"\u201cLe royaume perdu de Dardanie\u201d, le roman qui ram\u00e8ne Dardanie dans la m\u00e9moire"},"content":{"rendered":"<p data-start=\"19\" data-end=\"345\">Le roman historique &#8220;Das verlorene K\u00f6nigreich Dardania&#8221; de l\u2019auteur <span class=\"hover:entity-accent entity-underline inline cursor-pointer align-baseline\"><span class=\"whitespace-normal\">Bashkim Berisha<\/span><\/span> met au centre un chapitre important de l\u2019histoire illyrienne, en transformant la <span class=\"hover:entity-accent entity-underline inline cursor-pointer align-baseline\"><span class=\"whitespace-normal\">Dardanie<\/span><\/span> d\u2019un simple nom mentionn\u00e9 dans les chroniques anciennes en un r\u00e9cit vivant pour le lecteur moderne.<\/p>\n<p data-start=\"347\" data-end=\"762\">\u00c9crit en allemand pour le public germanophone, le roman traite l\u2019histoire de la Dardanie non seulement comme un fragment du pass\u00e9, mais aussi comme une part d\u2019identit\u00e9 qui continue de r\u00e9sonner encore aujourd\u2019hui. \u00c0 travers une narration fond\u00e9e sur des sources historiques et port\u00e9e par une intensit\u00e9 \u00e9motionnelle, l\u2019auteur construit une histoire o\u00f9 s\u2019entrelacent le destin de l\u2019individu et l\u2019h\u00e9ritage d\u2019un peuple.<\/p>\n<p data-start=\"764\" data-end=\"1207\">Au c\u0153ur du r\u00e9cit se trouve la Dardanie, l\u2019un des royaumes les plus importants du monde illyrien. La premi\u00e8re partie du roman s\u2019attarde sur la figure du roi <span class=\"hover:entity-accent entity-underline inline cursor-pointer align-baseline\"><span class=\"whitespace-normal\">Bardhyl<\/span><\/span>, connu dans l\u2019histoire pour sa r\u00e9sistance face \u00e0 la <span class=\"hover:entity-accent entity-underline inline cursor-pointer align-baseline\"><span class=\"whitespace-normal\">Mac\u00e9doine<\/span><\/span> et pour ses efforts visant \u00e0 unir les tribus illyriennes. Sous sa direction, la Dardanie devient une puissance politique et militaire majeure dans la r\u00e9gion.<\/p>\n<p data-start=\"1209\" data-end=\"1660\">Apr\u00e8s la chute de Bardhyl, le r\u00e9cit se poursuit avec son fils <span class=\"hover:entity-accent entity-underline inline cursor-pointer align-baseline\"><span class=\"whitespace-normal\">Pleuratus<\/span><\/span>, connu dans l\u2019histoire aussi sous le nom de Kleitos. Jeune et d\u00e9termin\u00e9 \u00e0 pr\u00e9server l\u2019h\u00e9ritage de son p\u00e8re, il se retrouve \u00e0 la t\u00eate d\u2019un royaume fragile et confront\u00e9 \u00e0 de nombreux d\u00e9fis. En plus des menaces ext\u00e9rieures, il doit faire face \u00e0 des incertitudes internes, \u00e0 des pertes et \u00e0 des sacrifices personnels li\u00e9s aux responsabilit\u00e9s du pouvoir.<\/p>\n<p data-start=\"1662\" data-end=\"2063\">Le roman ne se limite pas \u00e0 la description des batailles et des conflits politiques. Dans ses pages se d\u00e9voile un univers culturel plus large, o\u00f9 la parole donn\u00e9e, l\u2019amour interdit, les rituels, les chants et le lien profond avec la terre occupent une place particuli\u00e8re. \u00c0 travers ces \u00e9l\u00e9ments, la Dardanie appara\u00eet comme un espace historique et spirituel qui d\u00e9passe le temps et les circonstances.<\/p>\n<p data-start=\"2065\" data-end=\"2433\">Pour le lecteur albanais, en particulier pour les jeunes g\u00e9n\u00e9rations qui grandissent dans la diaspora, le roman porte \u00e9galement un message clair: l\u2019histoire n\u2019est pas seulement la m\u00e9moire du pass\u00e9, mais aussi une source de conscience et d\u2019identit\u00e9. \u00c0 travers ce r\u00e9cit, l\u2019auteur invite le lecteur \u00e0 revenir vers ses racines et vers l\u2019histoire qui a fa\u00e7onn\u00e9 un peuple.<\/p>\n<p data-start=\"2435\" data-end=\"2734\"><span class=\"hover:entity-accent entity-underline inline cursor-pointer align-baseline\"><span class=\"whitespace-normal\">Bashkim Berisha<\/span><\/span> vit et travaille \u00e0 <span class=\"hover:entity-accent entity-underline inline cursor-pointer align-baseline\"><span class=\"whitespace-normal\">Mannheim<\/span><\/span> comme chef de produit. Parti de son pays d\u2019origine \u00e0 l\u2019\u00e2ge de 18 ans, il a conserv\u00e9 un lien fort avec l\u2019histoire et la culture albanaises, qui s\u2019expriment \u00e9galement dans cette premi\u00e8re \u0153uvre litt\u00e9raire.<\/p>\n<p data-start=\"2736\" data-end=\"2978\">Le roman &#8220;Das verlorene K\u00f6nigreich Dardania&#8221; marque le d\u00e9but d\u2019une s\u00e9rie litt\u00e9raire visant \u00e0 remettre l\u2019histoire de la Dardanie au centre de l\u2019attention du lecteur moderne et \u00e0 construire un pont entre le pass\u00e9 et les nouvelles g\u00e9n\u00e9rations.<\/p>\n<p data-start=\"2980\" data-end=\"3126\">Le livre est publi\u00e9 et disponible \u00e0 l\u2019achat sur la plateforme <span class=\"hover:entity-accent entity-underline inline cursor-pointer align-baseline\"><span class=\"whitespace-normal\">Amazon<\/span><\/span> en formats hardcover, Taschenbuch et e Book.<\/p>\n<p class=\"p1\"><span class=\"s1\">Le lien: <a href=\"https:\/\/www.amazon.de\/dp\/B0FVLMP5KS?ref=cm_sw_r_ffobk_cso_cp_apin_dp_BD943XZX8X1QRQTCVFG4&amp;ref_=cm_sw_r_ffobk_cso_cp_apin_dp_BD943XZX8X1QRQTCVFG4&amp;social_share=cm_sw_r_ffobk_cso_cp_apin_dp_BD943XZX8X1QRQTCVFG4&amp;bestFormat=true\"><span class=\"s2\">Das verlorene K\u00f6nigreich Dardania: Ein historischer Roman \u00fcber Ehre, Verrat und das Erbe eines Volkes. : Berisha, Bashkim: Amazon.de: Books<\/span><\/a><\/span><\/p>\n<p class=\"p1\"><span class=\"s1\">\u00a0<\/span><\/p>\n","protected":false},"excerpt":{"rendered":"<p>Le roman historique &#8220;Das verlorene K\u00f6nigreich Dardania&#8221; de l\u2019auteur Bashkim Berisha met au centre un chapitre important de l\u2019histoire illyrienne, en transformant la Dardanie d\u2019un simple nom mentionn\u00e9 dans les chroniques anciennes en un r\u00e9cit vivant pour le lecteur moderne. \u00c9crit en allemand pour le public germanophone, le roman traite l\u2019histoire de la Dardanie non [&hellip;]<\/p>\n","protected":false},"author":6,"featured_media":906053,"comment_status":"closed","ping_status":"closed","sticky":false,"template":"","format":"standard","meta":{"footnotes":""},"categories":[24662,24630,1168],"tags":[],"vendi":[],"content_country":[],"class_list":["post-906145","post","type-post","status-publish","format-standard","has-post-thumbnail","hentry","category-litterature","category-nouvelles","category-culture"],"acf":[],"_links":{"self":[{"href":"https:\/\/www.albinfo.at\/fr\/wp-json\/wp\/v2\/posts\/906145","targetHints":{"allow":["GET"]}}],"collection":[{"href":"https:\/\/www.albinfo.at\/fr\/wp-json\/wp\/v2\/posts"}],"about":[{"href":"https:\/\/www.albinfo.at\/fr\/wp-json\/wp\/v2\/types\/post"}],"author":[{"embeddable":true,"href":"https:\/\/www.albinfo.at\/fr\/wp-json\/wp\/v2\/users\/6"}],"replies":[{"embeddable":true,"href":"https:\/\/www.albinfo.at\/fr\/wp-json\/wp\/v2\/comments?post=906145"}],"version-history":[{"count":1,"href":"https:\/\/www.albinfo.at\/fr\/wp-json\/wp\/v2\/posts\/906145\/revisions"}],"predecessor-version":[{"id":906146,"href":"https:\/\/www.albinfo.at\/fr\/wp-json\/wp\/v2\/posts\/906145\/revisions\/906146"}],"wp:featuredmedia":[{"embeddable":true,"href":"https:\/\/www.albinfo.at\/fr\/wp-json\/wp\/v2\/media\/906053"}],"wp:attachment":[{"href":"https:\/\/www.albinfo.at\/fr\/wp-json\/wp\/v2\/media?parent=906145"}],"wp:term":[{"taxonomy":"category","embeddable":true,"href":"https:\/\/www.albinfo.at\/fr\/wp-json\/wp\/v2\/categories?post=906145"},{"taxonomy":"post_tag","embeddable":true,"href":"https:\/\/www.albinfo.at\/fr\/wp-json\/wp\/v2\/tags?post=906145"},{"taxonomy":"vendi","embeddable":true,"href":"https:\/\/www.albinfo.at\/fr\/wp-json\/wp\/v2\/vendi?post=906145"},{"taxonomy":"content_country","embeddable":true,"href":"https:\/\/www.albinfo.at\/fr\/wp-json\/wp\/v2\/content_country?post=906145"}],"curies":[{"name":"wp","href":"https:\/\/api.w.org\/{rel}","templated":true}]}}