{"id":90353,"date":"2015-08-13T10:28:41","date_gmt":"2015-08-13T08:28:41","guid":{"rendered":"http:\/\/www.albinfo.ch\/?p=90353"},"modified":"2018-12-20T13:32:45","modified_gmt":"2018-12-20T12:32:45","slug":"le-gouvernement-suisse-soutient-lemploi-au-kosovo","status":"publish","type":"post","link":"https:\/\/www.albinfo.at\/fr\/le-gouvernement-suisse-soutient-lemploi-au-kosovo\/","title":{"rendered":"Le gouvernement Suisse soutient l\u2019emploi au Kosovo"},"content":{"rendered":"<p>&nbsp;<\/p>\n<div class=\"galery-slider\"><ul class=\"slides\"><li>\n\t\t\t\t\t\t\t<a data-litebox-text=\"albinfo.ch\" data-litebox-group=\"article-gallery\" href=\"https:\/\/www.albinfo.at\/wp-content\/uploads\/2015\/08\/capture-decran-2015-08-13-a-10.25.54.png\" class=\"litebox\"><img decoding=\"async\" loading=\"lazy\" src=\"https:\/\/www.albinfo.at\/wp-content\/uploads\/2015\/08\/capture-decran-2015-08-13-a-10.25.54-586x389.png\"\/><\/a>\n\t\t\t\t\t\t\t<div class=\"articleIntro articleText\">\n\t\t\t\t\t\t\t\t<p>albinfo.ch<\/p>\n\t\t\t\t\t\t\t<\/div>\n                        <\/li><li>\n\t\t\t\t\t\t\t<a data-litebox-text=\"albinfo.ch\" data-litebox-group=\"article-gallery\" href=\"https:\/\/www.albinfo.at\/wp-content\/uploads\/2015\/08\/capture-decran-2015-08-13-a-10.25.41.png\" class=\"litebox\"><img decoding=\"async\" loading=\"lazy\" src=\"https:\/\/www.albinfo.at\/wp-content\/uploads\/2015\/08\/capture-decran-2015-08-13-a-10.25.41-586x389.png\"\/><\/a>\n\t\t\t\t\t\t\t<div class=\"articleIntro articleText\">\n\t\t\t\t\t\t\t\t<p>albinfo.ch<\/p>\n\t\t\t\t\t\t\t<\/div>\n                        <\/li><li>\n\t\t\t\t\t\t\t<a data-litebox-text=\"albinfo.ch\" data-litebox-group=\"article-gallery\" href=\"https:\/\/www.albinfo.at\/wp-content\/uploads\/2015\/08\/capture-decran-2015-08-13-a-10.25.29.png\" class=\"litebox\"><img decoding=\"async\" loading=\"lazy\" src=\"https:\/\/www.albinfo.at\/wp-content\/uploads\/2015\/08\/capture-decran-2015-08-13-a-10.25.29-586x389.png\"\/><\/a>\n\t\t\t\t\t\t\t<div class=\"articleIntro articleText\">\n\t\t\t\t\t\t\t\t<p>albinfo.ch<\/p>\n\t\t\t\t\t\t\t<\/div>\n                        <\/li><li>\n\t\t\t\t\t\t\t<a data-litebox-text=\"albinfo.ch\" data-litebox-group=\"article-gallery\" href=\"https:\/\/www.albinfo.at\/wp-content\/uploads\/2015\/08\/capture-decran-2015-08-13-a-10.25.14.png\" class=\"litebox\"><img decoding=\"async\" loading=\"lazy\" src=\"https:\/\/www.albinfo.at\/wp-content\/uploads\/2015\/08\/capture-decran-2015-08-13-a-10.25.14-536x389.png\"\/><\/a>\n\t\t\t\t\t\t\t<div class=\"articleIntro articleText\">\n\t\t\t\t\t\t\t\t<p>albinfo.ch<\/p>\n\t\t\t\t\t\t\t<\/div>\n                        <\/li><li>\n\t\t\t\t\t\t\t<a data-litebox-text=\"albinfo.ch\" data-litebox-group=\"article-gallery\" href=\"https:\/\/www.albinfo.at\/wp-content\/uploads\/2015\/08\/capture-decran-2015-08-13-a-10.25.04.png\" class=\"litebox\"><img decoding=\"async\" loading=\"lazy\" src=\"https:\/\/www.albinfo.at\/wp-content\/uploads\/2015\/08\/capture-decran-2015-08-13-a-10.25.04-586x389.png\"\/><\/a>\n\t\t\t\t\t\t\t<div class=\"articleIntro articleText\">\n\t\t\t\t\t\t\t\t<p>albinfo.ch<\/p>\n\t\t\t\t\t\t\t<\/div>\n                        <\/li><li>\n\t\t\t\t\t\t\t<a data-litebox-text=\"albinfo.ch\" data-litebox-group=\"article-gallery\" href=\"https:\/\/www.albinfo.at\/wp-content\/uploads\/2015\/08\/capture-decran-2015-08-13-a-10.24.53.png\" class=\"litebox\"><img decoding=\"async\" loading=\"lazy\" src=\"https:\/\/www.albinfo.at\/wp-content\/uploads\/2015\/08\/capture-decran-2015-08-13-a-10.24.53-586x389.png\"\/><\/a>\n\t\t\t\t\t\t\t<div class=\"articleIntro articleText\">\n\t\t\t\t\t\t\t\t<p>albinfo.ch<\/p>\n\t\t\t\t\t\t\t<\/div>\n                        <\/li><\/ul><div class=\"slidesounter\"><span class=\"slide-current-slide\"><\/span><span class=\"slide-total-slides\"><\/span><\/div><\/div><link href=\"https:\/\/www.albinfo.at\/wp-content\/themes\/albinfo\/assets\/css\/litebox.css\" rel=\"stylesheet\" type=\"text\/css\" media=\"all\" \/><script src=\"https:\/\/www.albinfo.at\/wp-content\/themes\/albinfo\/assets\/js\/images-loaded.min.js\" type=\"text\/javascript\"><\/script><script src=\"https:\/\/www.albinfo.at\/wp-content\/themes\/albinfo\/assets\/js\/litebox.min.js\" type=\"text\/javascript\"><\/script>\n        <script type=\"text\/javascript\">\n            jQuery(window).load(function() {\n              jQuery(\".flexslider7\").flexslider({\n                animation: \"slide\",\n                controlNav: false,\n                animationLoop: false,\n                slideshow: false,\n              });\n            });\n\t\t\tjQuery(\".litebox\").liteBox();\n        <\/script>\n<p>&nbsp;<\/p>\n<p>Le projet PPSE a \u00e9t\u00e9 mis en place en 2013, et se terminera fin 2017. L\u2019objectif principal de ce projet est le d\u00e9veloppement de l\u2019emploi dans les entreprises qui op\u00e8rent dans le secteur du tourisme et de la transformation alimentaire au travers d\u2019une m\u00e9thodologie sp\u00e9cifique.<\/p>\n<p>Pourquoi ce projet\u00a0? Le bureau suisse se focalise sur la baisse du ch\u00f4mage chez les jeunes du Kosovo, qui n\u2019est de pas moins de 56\u00a0% chez les jeunes de 15 \u00e0 24 ans. \u00c0 travers ce projet, il est pr\u00e9vu d\u2019augmenter la productivit\u00e9 de quelque 750 entreprises en augmentant de 1.9\u00a0millions de francs suisses leurs revenus et en cr\u00e9ant 800 nouvelles places de travail. Qui plus est, la participation des femmes et des minorit\u00e9s occupe une place importante du projet.<\/p>\n<p><strong>Comment le projet PPSE soutient-il les entreprises\u00a0?<\/strong><\/p>\n<p>Ce projet dispose du fond \u00ab\u00a0Fondi i Mund\u00ebsive\u00a0\u00bb. C\u2019est le m\u00e9canisme garant du d\u00e9veloppement durable du secteur priv\u00e9 et de la cr\u00e9ation d\u2019emplois pour les jeunes. Il agit en soutenant les innovations audacieuses et les changements de paradigme de march\u00e9, notamment l\u2019augmentation de la part du secteur priv\u00e9.<\/p>\n<p>Le fond \u00ab\u00a0Fondi i Mund\u00ebsive\u00a0\u00bb peut intervenir soit dans le cadre d\u2019am\u00e9liorations de projets existants d\u00e9j\u00e0 li\u00e9s au PPSE, soit dans le cadre de projets nouveaux, mais li\u00e9s aux emplois des jeunes. Les b\u00e9n\u00e9ficiaires potentiels sont les entreprises priv\u00e9es, les organisations commerciales, les centres pour les jeunes, les organisations professionnelles, les ONG et les unit\u00e9s administratives. Les montants mis \u00e0 disposition par le PPSE pour ces projets vont de 10\u00a0000 \u00e0 100\u00a0000\u00a0euros. Les appliquant doivent avoir des fonds propres de 20\u00a0% \u00e0 50\u00a0% du budget total du projet.<\/p>\n<p><strong>L\u2019\u00e9tape de pr\u00e9s\u00e9lection<\/strong><\/p>\n<p>Les candidats doivent tout d\u2019abord remplir deux formulaires du fond\u00a0\u00ab\u00a0Fondi i Mund\u00ebsive\u00a0\u00bb : un formulaire d\u00e9crivant le concept du projet \u00ab\u00a0Formularin Koncept not\u00eb\u00a0\u00bb et un formulaire de demande de financement \u00ab\u00a0Formularin p\u00ebr Aplikim p\u00ebr Grant\u00a0\u00bb. Le formulaire sera alors \u00e9valu\u00e9 par les membres du PPSE et ensuite, lors de la phase terminale de la s\u00e9lection, par le Bureau Suisse au Kosovo.<\/p>\n<p>L\u2019organisation m\u00e8re du projet PPSE est la fondation suisse \u00ab\u00a0Swisscontact\u00a0\u00bb, fondation orient\u00e9e business et entreprise, qui a pour but le d\u00e9veloppement de la collaboration internationale. Apr\u00e8s la guerre du Kosovo, Swisscontact a g\u00e9r\u00e9 de nombreux projets. Son projet PPSE a connu de nombreux succ\u00e8s dans le secteur du tourisme et de la transformation alimentaire. \u00c0 part ce projet, Swisscontact offre aussi un autre programme aux entreprises kosovares\u00a0: le \u00ab\u00a0Senior Expert Corps\u00a0\u00bb.<\/p>\n<p><strong>Conseils et formation gratuite offerte par les experts suisses<\/strong><\/p>\n<p>Le programme \u00ab\u00a0Senior Expert Corps\u00a0\u00bb (SEC) soutient le d\u00e9veloppement des entreprises \u00e0 travers l\u2019utilisation des connaissances et de l\u2019exp\u00e9rience pratique de professionnels retrait\u00e9s, qui se portent volontaires pour porter leurs conseils aux PME. Ce sont quelque 600 experts qui r\u00e9alisent environ 150 missions par an. Les petites entreprises se font conseiller sur les am\u00e9liorations qu\u2019elles peuvent apporter \u00e0 leur business. Les seuls frais incombant aux entreprises b\u00e9n\u00e9ficiaires sont les frais d\u2019accommodation des conseillers. Le voyage, les assurances et les d\u00e9penses quotidiennes sont financ\u00e9s par Swisscontact. La dur\u00e9e de la mission de ces experts varie de 2 \u00e0 6 semaines. Ils travaillent dans un secteur sp\u00e9cifique li\u00e9 \u00e0 leurs qualifications.<\/p>\n<p>La compagnie kosovare TRAVEKS est l\u2019une des entreprises ayant profit\u00e9 du programme SEC. Son manager dit que \u00ab\u00a0l\u2019aide apport\u00e9e par l\u2019expert suisse a permis l\u2019am\u00e9lioration de son entreprise\u00a0\u00bb. Il ajoute que \u00ab\u00a0la proc\u00e9dure \u00e9tait rapide, facile et gratuite\u00a0\u00bb.<\/p>\n<p>&nbsp;<\/p>\n<p>&nbsp;<\/p>\n","protected":false},"excerpt":{"rendered":"<p>Le Projet de Promotion de l\u2019Emploi dans le Secteur Priv\u00e9 (PPSE) a \u00e9t\u00e9 mis en place par Swisscontact en collaboration avec l\u2019Institut Riinvest du Kosovo et l\u2019entreprise allemande PEM Consult.<\/p>\n","protected":false},"author":10,"featured_media":0,"comment_status":"open","ping_status":"open","sticky":false,"template":"","format":"standard","meta":{"footnotes":""},"categories":[1161,8183,1159,1186,1411,2014],"tags":[],"vendi":[],"content_country":[],"class_list":["post-90353","post","type-post","status-publish","format-standard","hentry","category-investissement","category-finances-fr","category-ch-balkans","category-couverture-de-terrain","category-newsletter-fr","category-newsletter-media-fr"],"acf":[],"_links":{"self":[{"href":"https:\/\/www.albinfo.at\/fr\/wp-json\/wp\/v2\/posts\/90353","targetHints":{"allow":["GET"]}}],"collection":[{"href":"https:\/\/www.albinfo.at\/fr\/wp-json\/wp\/v2\/posts"}],"about":[{"href":"https:\/\/www.albinfo.at\/fr\/wp-json\/wp\/v2\/types\/post"}],"author":[{"embeddable":true,"href":"https:\/\/www.albinfo.at\/fr\/wp-json\/wp\/v2\/users\/10"}],"replies":[{"embeddable":true,"href":"https:\/\/www.albinfo.at\/fr\/wp-json\/wp\/v2\/comments?post=90353"}],"version-history":[{"count":0,"href":"https:\/\/www.albinfo.at\/fr\/wp-json\/wp\/v2\/posts\/90353\/revisions"}],"wp:attachment":[{"href":"https:\/\/www.albinfo.at\/fr\/wp-json\/wp\/v2\/media?parent=90353"}],"wp:term":[{"taxonomy":"category","embeddable":true,"href":"https:\/\/www.albinfo.at\/fr\/wp-json\/wp\/v2\/categories?post=90353"},{"taxonomy":"post_tag","embeddable":true,"href":"https:\/\/www.albinfo.at\/fr\/wp-json\/wp\/v2\/tags?post=90353"},{"taxonomy":"vendi","embeddable":true,"href":"https:\/\/www.albinfo.at\/fr\/wp-json\/wp\/v2\/vendi?post=90353"},{"taxonomy":"content_country","embeddable":true,"href":"https:\/\/www.albinfo.at\/fr\/wp-json\/wp\/v2\/content_country?post=90353"}],"curies":[{"name":"wp","href":"https:\/\/api.w.org\/{rel}","templated":true}]}}