{"id":897233,"date":"2026-02-01T22:06:03","date_gmt":"2026-02-01T21:06:03","guid":{"rendered":"https:\/\/www.albinfo.ch\/?p=897233"},"modified":"2026-02-01T22:55:50","modified_gmt":"2026-02-01T21:55:50","slug":"les-anciens-presidents-jahjaga-et-pacolli-sont-mentionnes-dans-les-dossiers-epstein-tous-deux-nient-tout-lien","status":"publish","type":"post","link":"https:\/\/www.albinfo.at\/fr\/les-anciens-presidents-jahjaga-et-pacolli-sont-mentionnes-dans-les-dossiers-epstein-tous-deux-nient-tout-lien\/","title":{"rendered":"Les anciens pr\u00e9sidents Jahjaga et Pacolli sont mentionn\u00e9s dans les dossiers Epstein, tous deux nient tout lien"},"content":{"rendered":"<p data-start=\"0\" data-end=\"235\">Dans les documents publi\u00e9s par le D\u00e9partement am\u00e9ricain de la Justice concernant l\u2019affaire du financier Jeffrey Epstein, deux anciens pr\u00e9sidents du Kosovo sont \u00e9galement mentionn\u00e9s, Atifete Jahjaga et Behgjet Pacolli.<\/p>\n<p data-start=\"237\" data-end=\"425\">Un email datant de 2012, envoy\u00e9 par une personne pr\u00e9nomm\u00e9e Daniel, \u00e9voque une possible rencontre \u00e0 New York entre la pr\u00e9sidente de l\u2019\u00e9poque, Atifete Jahjaga, et une princesse de Tha\u00eflande:<\/p>\n<p data-start=\"427\" data-end=\"446\">&#8220;Bienvenue \u00e0 Paris,<\/p>\n<p data-start=\"448\" data-end=\"539\">La princesse de Tha\u00eflande sera \u00e0 New York, aux Nations Unies, avec la pr\u00e9sidente du Kosovo.<\/p>\n<p data-start=\"541\" data-end=\"611\">Elle souhaiterait vous rencontrer si vous avez le temps cette semaine.<\/p>\n<p data-start=\"613\" data-end=\"631\">Bien cordialement,<\/p>\n<p data-start=\"633\" data-end=\"641\">Daniel.&#8221;<\/p>\n<p><a href=\"https:\/\/www.albinfo.ch\/wp-content\/uploads\/2026\/02\/screenshot_20260201_203609_onedrive.jpg\"><img loading=\"lazy\" decoding=\"async\" class=\"alignnone size-large wp-image-897210\" src=\"https:\/\/www.albinfo.ch\/wp-content\/uploads\/2026\/02\/screenshot_20260201_203609_onedrive-958x1024.jpg\" alt=\"\" width=\"640\" height=\"684\" srcset=\"https:\/\/www.albinfo.at\/wp-content\/uploads\/2026\/02\/screenshot_20260201_203609_onedrive-958x1024.jpg 958w, https:\/\/www.albinfo.at\/wp-content\/uploads\/2026\/02\/screenshot_20260201_203609_onedrive-281x300.jpg 281w, https:\/\/www.albinfo.at\/wp-content\/uploads\/2026\/02\/screenshot_20260201_203609_onedrive-768x821.jpg 768w, https:\/\/www.albinfo.at\/wp-content\/uploads\/2026\/02\/screenshot_20260201_203609_onedrive-371x396.jpg 371w, https:\/\/www.albinfo.at\/wp-content\/uploads\/2026\/02\/screenshot_20260201_203609_onedrive-94x100.jpg 94w, https:\/\/www.albinfo.at\/wp-content\/uploads\/2026\/02\/screenshot_20260201_203609_onedrive-164x175.jpg 164w, https:\/\/www.albinfo.at\/wp-content\/uploads\/2026\/02\/screenshot_20260201_203609_onedrive.jpg 1080w\" sizes=\"auto, (max-width: 640px) 100vw, 640px\" \/><\/a><\/p>\n<p data-start=\"0\" data-end=\"286\">Il n\u2019est pas clair si cette rencontre a r\u00e9ellement eu lieu. Valentina Abazi, conseill\u00e8re d\u2019Atifete Jahjaga, a d\u00e9clar\u00e9 au m\u00e9dia KOHA que l\u2019ancienne pr\u00e9sidente &#8220;ne l\u2019a jamais rencontr\u00e9, n\u2019a jamais demand\u00e9 de rendez-vous avec lui et ne savait m\u00eame pas qui \u00e9tait Epstein&#8221;.<\/p>\n<p data-start=\"288\" data-end=\"670\">Les documents mentionnent \u00e9galement l\u2019ancien pr\u00e9sident Behgjet Pacolli \u00e0 travers un autre email intitul\u00e9 &#8220;Qui est Behgjet Pacolli ?&#8221;. Pacolli a ni\u00e9 toute relation avec Epstein, affirmant qu\u2019il ne l\u2019a jamais rencontr\u00e9, n\u2019a jamais communiqu\u00e9 avec lui et n\u2019a jamais \u00e9t\u00e9 sur ses propri\u00e9t\u00e9s&#8221;. Il a ajout\u00e9 qu\u2019il n\u2019avait appris l\u2019existence d\u2019Epstein qu\u2019apr\u00e8s la publication des documents.<\/p>\n<p data-start=\"672\" data-end=\"993\">Les dossiers comprennent environ 3 \u00e0 3,5 millions de pages, ainsi que 2 000 vid\u00e9os et 180 000 images, et r\u00e9v\u00e8lent diverses correspondances li\u00e9es \u00e0 des voyages et des rencontres internationales. Le D\u00e9partement de la Justice pr\u00e9cise que certaines informations ont \u00e9t\u00e9 supprim\u00e9es afin de prot\u00e9ger la vie priv\u00e9e des victimes.<\/p>\n<p data-start=\"995\" data-end=\"1333\">Jeffrey Epstein est d\u00e9c\u00e9d\u00e9 en 2019 alors qu\u2019il se trouvait en d\u00e9tention, laissant derri\u00e8re lui l\u2019un des plus grands scandales sexuels aux \u00c9tats-Unis et au-del\u00e0. La mention des noms de Jahjaga et Pacolli n\u2019implique aucune participation \u00e0 des activit\u00e9s criminelles; ils apparaissent uniquement dans le contexte des documents rendus publics.<\/p>\n","protected":false},"excerpt":{"rendered":"<p>Dans les documents publi\u00e9s par le D\u00e9partement am\u00e9ricain de la Justice concernant l\u2019affaire du financier Jeffrey Epstein, deux anciens pr\u00e9sidents du Kosovo sont \u00e9galement mentionn\u00e9s, Atifete Jahjaga et Behgjet Pacolli. Un email datant de 2012, envoy\u00e9 par une personne pr\u00e9nomm\u00e9e Daniel, \u00e9voque une possible rencontre \u00e0 New York entre la pr\u00e9sidente de l\u2019\u00e9poque, Atifete Jahjaga, [&hellip;]<\/p>\n","protected":false},"author":6,"featured_media":897218,"comment_status":"closed","ping_status":"closed","sticky":false,"template":"","format":"standard","meta":{"footnotes":""},"categories":[33083,23271,1160,3949,23277,23270,24620,24634,1159],"tags":[],"vendi":[],"content_country":[],"class_list":["post-897233","post","type-post","status-publish","format-standard","has-post-thumbnail","hentry","category-de-balkani-fr","category-kosovo","category-actuel","category-kosova-fr","category-news-fr","category-at-balkani-fr","category-kosova-fr-2","category-nouvelles-fr-3","category-ch-balkans"],"acf":[],"_links":{"self":[{"href":"https:\/\/www.albinfo.at\/fr\/wp-json\/wp\/v2\/posts\/897233","targetHints":{"allow":["GET"]}}],"collection":[{"href":"https:\/\/www.albinfo.at\/fr\/wp-json\/wp\/v2\/posts"}],"about":[{"href":"https:\/\/www.albinfo.at\/fr\/wp-json\/wp\/v2\/types\/post"}],"author":[{"embeddable":true,"href":"https:\/\/www.albinfo.at\/fr\/wp-json\/wp\/v2\/users\/6"}],"replies":[{"embeddable":true,"href":"https:\/\/www.albinfo.at\/fr\/wp-json\/wp\/v2\/comments?post=897233"}],"version-history":[{"count":1,"href":"https:\/\/www.albinfo.at\/fr\/wp-json\/wp\/v2\/posts\/897233\/revisions"}],"predecessor-version":[{"id":897241,"href":"https:\/\/www.albinfo.at\/fr\/wp-json\/wp\/v2\/posts\/897233\/revisions\/897241"}],"wp:featuredmedia":[{"embeddable":true,"href":"https:\/\/www.albinfo.at\/fr\/wp-json\/wp\/v2\/media\/897218"}],"wp:attachment":[{"href":"https:\/\/www.albinfo.at\/fr\/wp-json\/wp\/v2\/media?parent=897233"}],"wp:term":[{"taxonomy":"category","embeddable":true,"href":"https:\/\/www.albinfo.at\/fr\/wp-json\/wp\/v2\/categories?post=897233"},{"taxonomy":"post_tag","embeddable":true,"href":"https:\/\/www.albinfo.at\/fr\/wp-json\/wp\/v2\/tags?post=897233"},{"taxonomy":"vendi","embeddable":true,"href":"https:\/\/www.albinfo.at\/fr\/wp-json\/wp\/v2\/vendi?post=897233"},{"taxonomy":"content_country","embeddable":true,"href":"https:\/\/www.albinfo.at\/fr\/wp-json\/wp\/v2\/content_country?post=897233"}],"curies":[{"name":"wp","href":"https:\/\/api.w.org\/{rel}","templated":true}]}}