{"id":896560,"date":"2026-01-29T16:13:32","date_gmt":"2026-01-29T15:13:32","guid":{"rendered":"https:\/\/www.albinfo.ch\/?p=896560"},"modified":"2026-01-29T21:49:43","modified_gmt":"2026-01-29T20:49:43","slug":"50-moins-cher-la-premiere-annee-safety-home-avec-une-offre-pour-lassurance-des-biens-des-emigres-au-kosovo","status":"publish","type":"post","link":"https:\/\/www.albinfo.at\/fr\/50-moins-cher-la-premiere-annee-safety-home-avec-une-offre-pour-lassurance-des-biens-des-emigres-au-kosovo\/","title":{"rendered":"50 % moins cher la premi\u00e8re ann\u00e9e: Safety Home avec une offre pour l\u2019assurance des biens des \u00e9migr\u00e9s au Kosovo"},"content":{"rendered":"<p data-start=\"14\" data-end=\"248\">Safety Home, plateforme suisse sp\u00e9cialis\u00e9e dans l\u2019assurance des biens au <span class=\"hover:entity-accent entity-underline inline cursor-pointer align-baseline\"><span class=\"whitespace-normal\">Kosovo<\/span><\/span>, a lanc\u00e9 une offre festive destin\u00e9e \u00e0 la diaspora albanaise, avec une r\u00e9duction de 50 % pour la premi\u00e8re ann\u00e9e d\u2019assurance.<\/p>\n<p data-start=\"250\" data-end=\"549\">Avec des standards suisses de s\u00e9curit\u00e9 et un mod\u00e8le moderne 100 % num\u00e9rique, Safety Home permet aux \u00e9migr\u00e9s, durant cette p\u00e9riode festive, d\u2019assurer leurs maisons et leurs investissements au Kosovo \u00e0 des conditions tr\u00e8s avantageuses, afin d\u2019aborder l\u2019ann\u00e9e 2026 avec plus de s\u00e9r\u00e9nit\u00e9 et de s\u00e9curit\u00e9.<\/p>\n<p data-start=\"551\" data-end=\"986\">Cette offre est id\u00e9ale pour celles et ceux qui souhaitent<br data-start=\"608\" data-end=\"611\" \/>prot\u00e9ger leur propri\u00e9t\u00e9 contre des risques tels que l\u2019incendie, les d\u00e9g\u00e2ts des eaux, les catastrophes naturelles et d\u2019autres risques<br data-start=\"743\" data-end=\"746\" \/>b\u00e9n\u00e9ficier d\u2019une s\u00e9curit\u00e9 et d\u2019une tranquillit\u00e9 d\u2019esprit tout au long de l\u2019ann\u00e9e<br data-start=\"826\" data-end=\"829\" \/>profiter d\u2019une plateforme fiable, con\u00e7ue sp\u00e9cialement pour les besoins de la diaspora<br data-start=\"914\" data-end=\"917\" \/>recevoir un bonus de voyage comme valeur ajout\u00e9e pour leur fid\u00e9lit\u00e9<\/p>\n<p data-start=\"988\" data-end=\"1236\">L\u2019offre festive de fin d\u2019ann\u00e9e est valable pour une dur\u00e9e limit\u00e9e, jusqu\u2019au 06.02.2026, et vise \u00e0 encourager un maximum de familles albanaises \u00e0 commencer l\u2019ann\u00e9e 2026 avec 50 % de co\u00fbts en moins et davantage de s\u00e9curit\u00e9 pour leurs biens au Kosovo.<\/p>\n<p data-start=\"1238\" data-end=\"1448\">Ne remettez pas \u00e0 demain ce que vous pouvez assurer aujourd\u2019hui. Profitez de la r\u00e9duction de 50 % pour la premi\u00e8re ann\u00e9e avec Safety Home et b\u00e9n\u00e9ficiez d\u2019une protection maximale pour votre patrimoine au Kosovo.<\/p>\n<p data-start=\"1450\" data-end=\"1480\">Vous trouverez les offres ici: <a href=\"https:\/\/safetyhome.ch\/al\">safetyhome.ch<\/a><\/p>\n<blockquote class=\"wp-embedded-content\" data-secret=\"hhJrp8oCIl\"><p><a href=\"https:\/\/www.albinfo.ch\/safety-home-gmbh-platforma-zvicerane-per-sigurim-te-pronave-ne-kosove\/\">Safety Home GmbH, platforma zvicerane p\u00ebr sigurim t\u00eb pronave n\u00eb Kosov\u00eb<\/a><\/p><\/blockquote>\n<p><iframe loading=\"lazy\" class=\"wp-embedded-content\" sandbox=\"allow-scripts\" security=\"restricted\" style=\"position: absolute; visibility: hidden;\" title=\"&#8220;Safety Home GmbH, platforma zvicerane p\u00ebr sigurim t\u00eb pronave n\u00eb Kosov\u00eb&#8221; &#8212; Albinfo\" src=\"https:\/\/www.albinfo.ch\/safety-home-gmbh-platforma-zvicerane-per-sigurim-te-pronave-ne-kosove\/embed\/#?secret=Y7m0hZzbkB#?secret=hhJrp8oCIl\" data-secret=\"hhJrp8oCIl\" width=\"587\" height=\"331\" frameborder=\"0\" marginwidth=\"0\" marginheight=\"0\" scrolling=\"no\"><\/iframe><\/p>\n<p>&nbsp;<\/p>\n","protected":false},"excerpt":{"rendered":"<p>Safety Home, plateforme suisse sp\u00e9cialis\u00e9e dans l\u2019assurance des biens au Kosovo, a lanc\u00e9 une offre festive destin\u00e9e \u00e0 la diaspora albanaise, avec une r\u00e9duction de 50 % pour la premi\u00e8re ann\u00e9e d\u2019assurance. Avec des standards suisses de s\u00e9curit\u00e9 et un mod\u00e8le moderne 100 % num\u00e9rique, Safety Home permet aux \u00e9migr\u00e9s, durant cette p\u00e9riode festive, d\u2019assurer [&hellip;]<\/p>\n","protected":false},"author":6,"featured_media":896392,"comment_status":"closed","ping_status":"closed","sticky":false,"template":"","format":"standard","meta":{"footnotes":""},"categories":[34916,3980,3979,8183,19748,1170],"tags":[],"vendi":[],"content_country":[],"class_list":["post-896560","post","type-post","status-publish","format-standard","has-post-thumbnail","hentry","category-marketing-jeta-ne-zvicer-fr","category-portrait-des-entreprises","category-entreprises-cat","category-finances-fr","category-economie","category-vivre-en-suisse"],"acf":[],"_links":{"self":[{"href":"https:\/\/www.albinfo.at\/fr\/wp-json\/wp\/v2\/posts\/896560","targetHints":{"allow":["GET"]}}],"collection":[{"href":"https:\/\/www.albinfo.at\/fr\/wp-json\/wp\/v2\/posts"}],"about":[{"href":"https:\/\/www.albinfo.at\/fr\/wp-json\/wp\/v2\/types\/post"}],"author":[{"embeddable":true,"href":"https:\/\/www.albinfo.at\/fr\/wp-json\/wp\/v2\/users\/6"}],"replies":[{"embeddable":true,"href":"https:\/\/www.albinfo.at\/fr\/wp-json\/wp\/v2\/comments?post=896560"}],"version-history":[{"count":1,"href":"https:\/\/www.albinfo.at\/fr\/wp-json\/wp\/v2\/posts\/896560\/revisions"}],"predecessor-version":[{"id":896562,"href":"https:\/\/www.albinfo.at\/fr\/wp-json\/wp\/v2\/posts\/896560\/revisions\/896562"}],"wp:featuredmedia":[{"embeddable":true,"href":"https:\/\/www.albinfo.at\/fr\/wp-json\/wp\/v2\/media\/896392"}],"wp:attachment":[{"href":"https:\/\/www.albinfo.at\/fr\/wp-json\/wp\/v2\/media?parent=896560"}],"wp:term":[{"taxonomy":"category","embeddable":true,"href":"https:\/\/www.albinfo.at\/fr\/wp-json\/wp\/v2\/categories?post=896560"},{"taxonomy":"post_tag","embeddable":true,"href":"https:\/\/www.albinfo.at\/fr\/wp-json\/wp\/v2\/tags?post=896560"},{"taxonomy":"vendi","embeddable":true,"href":"https:\/\/www.albinfo.at\/fr\/wp-json\/wp\/v2\/vendi?post=896560"},{"taxonomy":"content_country","embeddable":true,"href":"https:\/\/www.albinfo.at\/fr\/wp-json\/wp\/v2\/content_country?post=896560"}],"curies":[{"name":"wp","href":"https:\/\/api.w.org\/{rel}","templated":true}]}}