{"id":896535,"date":"2026-01-29T15:00:34","date_gmt":"2026-01-29T14:00:34","guid":{"rendered":"https:\/\/www.albinfo.ch\/?p=896535"},"modified":"2026-01-29T21:15:13","modified_gmt":"2026-01-29T20:15:13","slug":"dua-lipa-brille-lors-du-defile-haute-couture-de-chanel-a-paris","status":"publish","type":"post","link":"https:\/\/www.albinfo.at\/fr\/dua-lipa-brille-lors-du-defile-haute-couture-de-chanel-a-paris\/","title":{"rendered":"Dua Lipa brille lors du d\u00e9fil\u00e9 haute couture de Chanel \u00e0 Paris"},"content":{"rendered":"<p data-start=\"14\" data-end=\"295\">La chanteuse albanaise de renomm\u00e9e mondiale <span class=\"hover:entity-accent entity-underline inline cursor-pointer align-baseline\"><span class=\"whitespace-normal\">Dua Lipa<\/span><\/span> est apparue aujourd\u2019hui au prestigieux d\u00e9fil\u00e9 haute couture de la maison de mode <span class=\"hover:entity-accent entity-underline inline cursor-pointer align-baseline\"><span class=\"whitespace-normal\">Chanel<\/span><\/span>, dans le cadre de la <span class=\"hover:entity-accent entity-underline inline cursor-pointer align-baseline\"><span class=\"whitespace-normal\">Fashion Week de Paris<\/span><\/span>, rapporte albinfo.ch.<\/p>\n<p data-start=\"297\" data-end=\"632\">L\u2019artiste est arriv\u00e9e ce matin dans la capitale fran\u00e7aise et a \u00e9t\u00e9 photographi\u00e9e \u00e0 son entr\u00e9e sur le site de l\u2019\u00e9v\u00e9nement, attirant imm\u00e9diatement l\u2019attention des m\u00e9dias internationaux et des passionn\u00e9s de mode. Avec son style unique et son \u00e9l\u00e9gance caract\u00e9ristique, Dua Lipa continue de confirmer son statut d\u2019ic\u00f4ne mondiale de la mode.<\/p>\n<p data-start=\"634\" data-end=\"834\">Le d\u00e9fil\u00e9 de Chanel figure parmi les \u00e9v\u00e9nements les plus importants de l\u2019industrie de la mode, r\u00e9unissant des personnalit\u00e9s de premier plan issues de l\u2019art, du cin\u00e9ma et de la musique du monde entier.<\/p>\n<p data-start=\"836\" data-end=\"1078\">Depuis plusieurs ann\u00e9es, Dua Lipa collabore avec de grandes marques internationales et participe r\u00e9guli\u00e8rement aux \u00e9v\u00e9nements de mode les plus exclusifs, demeurant l\u2019une des repr\u00e9sentantes albanaises les plus influentes sur la sc\u00e8ne mondiale.<\/p>\n<p><img loading=\"lazy\" decoding=\"async\" class=\"alignnone wp-image-896346\" src=\"https:\/\/www.albinfo.ch\/wp-content\/uploads\/2026\/01\/img_6668-683x1024.jpeg\" alt=\"\" width=\"500\" height=\"750\" srcset=\"https:\/\/www.albinfo.at\/wp-content\/uploads\/2026\/01\/img_6668-683x1024.jpeg 683w, https:\/\/www.albinfo.at\/wp-content\/uploads\/2026\/01\/img_6668-200x300.jpeg 200w, https:\/\/www.albinfo.at\/wp-content\/uploads\/2026\/01\/img_6668-768x1152.jpeg 768w, https:\/\/www.albinfo.at\/wp-content\/uploads\/2026\/01\/img_6668-1024x1536.jpeg 1024w, https:\/\/www.albinfo.at\/wp-content\/uploads\/2026\/01\/img_6668-264x396.jpeg 264w, https:\/\/www.albinfo.at\/wp-content\/uploads\/2026\/01\/img_6668-67x100.jpeg 67w, https:\/\/www.albinfo.at\/wp-content\/uploads\/2026\/01\/img_6668-117x175.jpeg 117w, https:\/\/www.albinfo.at\/wp-content\/uploads\/2026\/01\/img_6668.jpeg 1320w\" sizes=\"auto, (max-width: 500px) 100vw, 500px\" \/> <img loading=\"lazy\" decoding=\"async\" class=\"alignnone wp-image-896349\" src=\"https:\/\/www.albinfo.ch\/wp-content\/uploads\/2026\/01\/img_6669-833x1024.jpeg\" alt=\"\" width=\"500\" height=\"614\" srcset=\"https:\/\/www.albinfo.at\/wp-content\/uploads\/2026\/01\/img_6669-833x1024.jpeg 833w, https:\/\/www.albinfo.at\/wp-content\/uploads\/2026\/01\/img_6669-244x300.jpeg 244w, https:\/\/www.albinfo.at\/wp-content\/uploads\/2026\/01\/img_6669-768x944.jpeg 768w, https:\/\/www.albinfo.at\/wp-content\/uploads\/2026\/01\/img_6669-322x396.jpeg 322w, https:\/\/www.albinfo.at\/wp-content\/uploads\/2026\/01\/img_6669-81x100.jpeg 81w, https:\/\/www.albinfo.at\/wp-content\/uploads\/2026\/01\/img_6669-142x175.jpeg 142w, https:\/\/www.albinfo.at\/wp-content\/uploads\/2026\/01\/img_6669.jpeg 1080w\" sizes=\"auto, (max-width: 500px) 100vw, 500px\" \/> <img loading=\"lazy\" decoding=\"async\" class=\"alignnone wp-image-896352\" src=\"https:\/\/www.albinfo.ch\/wp-content\/uploads\/2026\/01\/img_6667-683x1024.jpeg\" alt=\"\" width=\"500\" height=\"750\" srcset=\"https:\/\/www.albinfo.at\/wp-content\/uploads\/2026\/01\/img_6667-683x1024.jpeg 683w, https:\/\/www.albinfo.at\/wp-content\/uploads\/2026\/01\/img_6667-200x300.jpeg 200w, https:\/\/www.albinfo.at\/wp-content\/uploads\/2026\/01\/img_6667-768x1152.jpeg 768w, https:\/\/www.albinfo.at\/wp-content\/uploads\/2026\/01\/img_6667-1024x1536.jpeg 1024w, https:\/\/www.albinfo.at\/wp-content\/uploads\/2026\/01\/img_6667-264x396.jpeg 264w, https:\/\/www.albinfo.at\/wp-content\/uploads\/2026\/01\/img_6667-67x100.jpeg 67w, https:\/\/www.albinfo.at\/wp-content\/uploads\/2026\/01\/img_6667-117x175.jpeg 117w, https:\/\/www.albinfo.at\/wp-content\/uploads\/2026\/01\/img_6667.jpeg 1320w\" sizes=\"auto, (max-width: 500px) 100vw, 500px\" \/><\/p>\n","protected":false},"excerpt":{"rendered":"<p>\u00c9l\u00e9gance et style, Dua Lipa brille \u00e0 la Fashion Week de Paris<\/p>\n","protected":false},"author":6,"featured_media":896356,"comment_status":"closed","ping_status":"closed","sticky":false,"template":"","format":"standard","meta":{"footnotes":""},"categories":[24660,3976,1168,1183],"tags":[],"vendi":[],"content_country":[],"class_list":["post-896535","post","type-post","status-publish","format-standard","has-post-thumbnail","hentry","category-la-musique","category-lifestyle-fr","category-culture","category-fun-fr"],"acf":[],"_links":{"self":[{"href":"https:\/\/www.albinfo.at\/fr\/wp-json\/wp\/v2\/posts\/896535","targetHints":{"allow":["GET"]}}],"collection":[{"href":"https:\/\/www.albinfo.at\/fr\/wp-json\/wp\/v2\/posts"}],"about":[{"href":"https:\/\/www.albinfo.at\/fr\/wp-json\/wp\/v2\/types\/post"}],"author":[{"embeddable":true,"href":"https:\/\/www.albinfo.at\/fr\/wp-json\/wp\/v2\/users\/6"}],"replies":[{"embeddable":true,"href":"https:\/\/www.albinfo.at\/fr\/wp-json\/wp\/v2\/comments?post=896535"}],"version-history":[{"count":1,"href":"https:\/\/www.albinfo.at\/fr\/wp-json\/wp\/v2\/posts\/896535\/revisions"}],"predecessor-version":[{"id":896536,"href":"https:\/\/www.albinfo.at\/fr\/wp-json\/wp\/v2\/posts\/896535\/revisions\/896536"}],"wp:featuredmedia":[{"embeddable":true,"href":"https:\/\/www.albinfo.at\/fr\/wp-json\/wp\/v2\/media\/896356"}],"wp:attachment":[{"href":"https:\/\/www.albinfo.at\/fr\/wp-json\/wp\/v2\/media?parent=896535"}],"wp:term":[{"taxonomy":"category","embeddable":true,"href":"https:\/\/www.albinfo.at\/fr\/wp-json\/wp\/v2\/categories?post=896535"},{"taxonomy":"post_tag","embeddable":true,"href":"https:\/\/www.albinfo.at\/fr\/wp-json\/wp\/v2\/tags?post=896535"},{"taxonomy":"vendi","embeddable":true,"href":"https:\/\/www.albinfo.at\/fr\/wp-json\/wp\/v2\/vendi?post=896535"},{"taxonomy":"content_country","embeddable":true,"href":"https:\/\/www.albinfo.at\/fr\/wp-json\/wp\/v2\/content_country?post=896535"}],"curies":[{"name":"wp","href":"https:\/\/api.w.org\/{rel}","templated":true}]}}